{"id":1085,"date":"2025-02-06T19:02:34","date_gmt":"2025-02-06T19:02:34","guid":{"rendered":"https:\/\/otca.org\/concursofotografico\/?p=1085"},"modified":"2025-02-14T12:30:32","modified_gmt":"2025-02-14T12:30:32","slug":"entrevista-a-jaime-venegas-autor-de-una-mirada","status":"publish","type":"post","link":"https:\/\/otca.org\/concursofotografico\/entrevista-a-jaime-venegas-autor-de-una-mirada\/","title":{"rendered":"Entrevista com Jaime Venegas, autor de &#8220;Una Mirada&#8221;"},"content":{"rendered":"<p><b>Fotografia: <\/b><b><i>Una mirada (<\/i><\/b><b>2022)<\/b><\/p>\n<p><b>Local: Ecuador- Amaz\u00f4nia Equatoriana \u2013 Shiguakucha<\/b><\/p>\n<p>Jaime Venegas Gavilanes \u00e9 um fot\u00f3grafo e cineasta equatoriano cuja trajet\u00f3ria art\u00edstica nasceu como um processo de autodescobrimento. Desde seus primeiros contatos com a fotografia, aos 15 anos, encontrou no autorretrato uma forma de se explorar e construir sua identidade visual. Com o tempo, seu olhar evoluiu para uma abordagem documental, na qual a fotografia se tornou um meio para conectar-se com as pessoas, os espa\u00e7os e a pr\u00f3pria vida.<\/p>\n<p>A fotografia <em>Una mirada<\/em> foi tirada na comunidade Shiguakucha, uma comunidade afetada por derramamentos de petr\u00f3leo. Jaime viajou como volunt\u00e1rio para socializar com os moradores sobre os perigos do consumo de \u00e1gua contaminada com petr\u00f3leo. Durante a iniciativa, tamb\u00e9m foram realizados workshops sobre hortas e instalados filtros para captar \u00e1gua da chuva, permitindo \u00e0 comunidade ter acesso a outra fonte de \u00e1gua pot\u00e1vel.<\/p>\n<blockquote><p>&#8220;A fotografia <em>Una Mirada<\/em> surgiu quando encontrei um menino simp\u00e1tico que j\u00e1 havia conhecido antes, pois eu o ensinei a fazer estrelas e mortais, j\u00e1 que gosto muito de gin\u00e1stica. Quando nos reencontramos, ele estava com seu papagaio no ombro, levando-o para todos os lugares. Foi curioso porque, ao fotografar o p\u00e1ssaro, o olho do menino apareceu atr\u00e1s, e achei muito bonito como parecia que ambos se tornavam um s\u00f3. Mais tarde, ao dar uma leitura mais profunda e conceitual, percebi que a imagem representa essa parte vulner\u00e1vel da vida: o menino e o papagaio enfrentando juntos as mudan\u00e7as que est\u00e3o acontecendo hoje.&#8221;<\/p><\/blockquote>\n<h2>Interesse por temas ambientais e dos povos ind\u00edgenas atrav\u00e9s da fotografia<\/h2>\n<blockquote><p>&#8220;Minha m\u00e3e sempre me ensinou a respeitar a natureza, os animais e a ter um estilo de vida mais consciente, menos invasivo e prejudicial ao meio ambiente. A partir disso, surgiu minha voca\u00e7\u00e3o para entender melhor as quest\u00f5es ambientais, o que acontece no meu pa\u00eds, na minha terra natal, Guaranda, e, em particular, no P\u00e1ramo de Chimborazo e nas comunidades ind\u00edgenas afetadas.&#8221;<\/p>\n<p>&#8220;As comunidades ind\u00edgenas t\u00eam uma cosmovis\u00e3o diferente e se organizam de maneira completamente distinta. Nessas comunidades, a ideia \u00e9 que todos os seres s\u00e3o um. Eles consideram as plantas, os animais e as pessoas como parte de um todo.&#8221;<\/p><\/blockquote>\n<h2>A fotografia e o cinema como ferramentas de transforma\u00e7\u00e3o<\/h2>\n<blockquote><p>&#8220;A pr\u00e1tica art\u00edstica \u00e9 uma ferramenta poderosa para comunicar e criar rela\u00e7\u00f5es muito mais \u00edntimas com as pessoas. Mais do que apenas produzir uma obra audiovisual, sinto que a arte ajuda as pessoas n\u00e3o apenas a se transformarem em rela\u00e7\u00e3o ao outro, mas tamb\u00e9m a passarem por uma transforma\u00e7\u00e3o pessoal. Isso abre uma possibilidade muito bonita de autodescobrimento. Al\u00e9m disso, a quest\u00e3o ambiental \u00e9 fascinante porque, desde os prim\u00f3rdios da fotografia, essa arte tem nos permitido conhecer realidades com as quais n\u00e3o temos contato e acessar a sensibilidade de quem est\u00e1 por tr\u00e1s da c\u00e2mera. Entender o processo por tr\u00e1s da cria\u00e7\u00e3o de uma fotografia que vai al\u00e9m da est\u00e9tica, que tem um significado mais profundo, \u00e9 algo muito valioso.&#8221;<\/p><\/blockquote>\n","protected":false},"excerpt":{"rendered":"<p>Fotografia: Una mirada (2022) Local: Ecuador- Amaz\u00f4nia Equatoriana \u2013 Shiguakucha [&hellip;]<\/p>\n","protected":false},"author":1,"featured_media":584,"comment_status":"open","ping_status":"open","sticky":false,"template":"","format":"standard","meta":{"_acf_changed":false,"footnotes":""},"categories":[1176],"tags":[],"class_list":["post-1085","post","type-post","status-publish","format-standard","has-post-thumbnail","hentry","category-entrevistas"],"acf":[],"yoast_head":"<!-- This site is optimized with the Yoast SEO plugin v24.4 - https:\/\/yoast.com\/wordpress\/plugins\/seo\/ -->\n<title>Entrevista com Jaime Venegas, autor de &quot;Una Mirada&quot; - Concurso Fotografico<\/title>\n<meta name=\"description\" content=\"Jaime Venegas Gavilanes, autor de &quot;Una Mirada&quot; \u00e9 um fot\u00f3grafo e cineasta equatoriano cuja trajet\u00f3ria art\u00edstica nasceu como um processo de autodescobrimento.\" \/>\n<meta name=\"robots\" content=\"index, follow, max-snippet:-1, max-image-preview:large, max-video-preview:-1\" \/>\n<link rel=\"canonical\" href=\"https:\/\/otca.org\/concursofotografico\/entrevista-a-jaime-venegas-autor-de-una-mirada\/\" \/>\n<meta property=\"og:locale\" content=\"pt_BR\" \/>\n<meta property=\"og:type\" content=\"article\" \/>\n<meta property=\"og:title\" content=\"Entrevista com Jaime Venegas, autor de &quot;Una Mirada&quot; - Concurso Fotografico\" \/>\n<meta property=\"og:description\" content=\"Jaime Venegas Gavilanes, autor de &quot;Una Mirada&quot; \u00e9 um fot\u00f3grafo e cineasta equatoriano cuja trajet\u00f3ria art\u00edstica nasceu como um processo de autodescobrimento.\" \/>\n<meta property=\"og:url\" content=\"https:\/\/otca.org\/concursofotografico\/entrevista-a-jaime-venegas-autor-de-una-mirada\/\" \/>\n<meta property=\"og:site_name\" content=\"Concurso Fotografico\" \/>\n<meta property=\"article:published_time\" content=\"2025-02-06T19:02:34+00:00\" \/>\n<meta property=\"article:modified_time\" content=\"2025-02-14T12:30:32+00:00\" \/>\n<meta property=\"og:image\" content=\"https:\/\/otca.org\/concursofotografico\/wp-content\/uploads\/2025\/01\/id008-Una-mirada-Jaime-Anibal-Venegas-Gavilanes-ART.jpg\" \/>\n\t<meta property=\"og:image:width\" content=\"1250\" \/>\n\t<meta property=\"og:image:height\" content=\"833\" \/>\n\t<meta property=\"og:image:type\" content=\"image\/jpeg\" \/>\n<meta name=\"author\" content=\"patosarda\" \/>\n<meta name=\"twitter:card\" content=\"summary_large_image\" \/>\n<meta name=\"twitter:label1\" content=\"Escrito por\" \/>\n\t<meta name=\"twitter:data1\" content=\"patosarda\" \/>\n\t<meta name=\"twitter:label2\" content=\"Est. tempo de leitura\" \/>\n\t<meta name=\"twitter:data2\" content=\"2 minutos\" \/>\n<script type=\"application\/ld+json\" class=\"yoast-schema-graph\">{\"@context\":\"https:\/\/schema.org\",\"@graph\":[{\"@type\":\"Article\",\"@id\":\"https:\/\/otca.org\/concursofotografico\/entrevista-a-jaime-venegas-autor-de-una-mirada\/#article\",\"isPartOf\":{\"@id\":\"https:\/\/otca.org\/concursofotografico\/entrevista-a-jaime-venegas-autor-de-una-mirada\/\"},\"author\":{\"name\":\"patosarda\",\"@id\":\"https:\/\/otca.org\/concursofotografico\/#\/schema\/person\/4e9446479c393453a83844c0f8c57ef9\"},\"headline\":\"Entrevista com Jaime Venegas, autor de &#8220;Una Mirada&#8221;\",\"datePublished\":\"2025-02-06T19:02:34+00:00\",\"dateModified\":\"2025-02-14T12:30:32+00:00\",\"mainEntityOfPage\":{\"@id\":\"https:\/\/otca.org\/concursofotografico\/entrevista-a-jaime-venegas-autor-de-una-mirada\/\"},\"wordCount\":534,\"commentCount\":0,\"publisher\":{\"@id\":\"https:\/\/otca.org\/concursofotografico\/#organization\"},\"image\":{\"@id\":\"https:\/\/otca.org\/concursofotografico\/entrevista-a-jaime-venegas-autor-de-una-mirada\/#primaryimage\"},\"thumbnailUrl\":\"https:\/\/otca.org\/concursofotografico\/wp-content\/uploads\/2025\/01\/id008-Una-mirada-Jaime-Anibal-Venegas-Gavilanes-ART.jpg\",\"articleSection\":[\"Entrevistas\"],\"inLanguage\":\"pt-BR\",\"potentialAction\":[{\"@type\":\"CommentAction\",\"name\":\"Comment\",\"target\":[\"https:\/\/otca.org\/concursofotografico\/entrevista-a-jaime-venegas-autor-de-una-mirada\/#respond\"]}]},{\"@type\":\"WebPage\",\"@id\":\"https:\/\/otca.org\/concursofotografico\/entrevista-a-jaime-venegas-autor-de-una-mirada\/\",\"url\":\"https:\/\/otca.org\/concursofotografico\/entrevista-a-jaime-venegas-autor-de-una-mirada\/\",\"name\":\"Entrevista com Jaime Venegas, autor de \\\"Una Mirada\\\" - Concurso Fotografico\",\"isPartOf\":{\"@id\":\"https:\/\/otca.org\/concursofotografico\/#website\"},\"primaryImageOfPage\":{\"@id\":\"https:\/\/otca.org\/concursofotografico\/entrevista-a-jaime-venegas-autor-de-una-mirada\/#primaryimage\"},\"image\":{\"@id\":\"https:\/\/otca.org\/concursofotografico\/entrevista-a-jaime-venegas-autor-de-una-mirada\/#primaryimage\"},\"thumbnailUrl\":\"https:\/\/otca.org\/concursofotografico\/wp-content\/uploads\/2025\/01\/id008-Una-mirada-Jaime-Anibal-Venegas-Gavilanes-ART.jpg\",\"datePublished\":\"2025-02-06T19:02:34+00:00\",\"dateModified\":\"2025-02-14T12:30:32+00:00\",\"description\":\"Jaime Venegas Gavilanes, autor de \\\"Una Mirada\\\" \u00e9 um fot\u00f3grafo e cineasta equatoriano cuja trajet\u00f3ria art\u00edstica nasceu como um processo de autodescobrimento.\",\"breadcrumb\":{\"@id\":\"https:\/\/otca.org\/concursofotografico\/entrevista-a-jaime-venegas-autor-de-una-mirada\/#breadcrumb\"},\"inLanguage\":\"pt-BR\",\"potentialAction\":[{\"@type\":\"ReadAction\",\"target\":[\"https:\/\/otca.org\/concursofotografico\/entrevista-a-jaime-venegas-autor-de-una-mirada\/\"]}]},{\"@type\":\"ImageObject\",\"inLanguage\":\"pt-BR\",\"@id\":\"https:\/\/otca.org\/concursofotografico\/entrevista-a-jaime-venegas-autor-de-una-mirada\/#primaryimage\",\"url\":\"https:\/\/otca.org\/concursofotografico\/wp-content\/uploads\/2025\/01\/id008-Una-mirada-Jaime-Anibal-Venegas-Gavilanes-ART.jpg\",\"contentUrl\":\"https:\/\/otca.org\/concursofotografico\/wp-content\/uploads\/2025\/01\/id008-Una-mirada-Jaime-Anibal-Venegas-Gavilanes-ART.jpg\",\"width\":1250,\"height\":833,\"caption\":\"id008 Una mirada Jaime Anibal Venegas Gavilanes ART\"},{\"@type\":\"BreadcrumbList\",\"@id\":\"https:\/\/otca.org\/concursofotografico\/entrevista-a-jaime-venegas-autor-de-una-mirada\/#breadcrumb\",\"itemListElement\":[{\"@type\":\"ListItem\",\"position\":1,\"name\":\"In\u00edcio\",\"item\":\"https:\/\/otca.org\/concursofotografico\/\"},{\"@type\":\"ListItem\",\"position\":2,\"name\":\"Entrevista com Jaime Venegas, autor de &#8220;Una Mirada&#8221;\"}]},{\"@type\":\"WebSite\",\"@id\":\"https:\/\/otca.org\/concursofotografico\/#website\",\"url\":\"https:\/\/otca.org\/concursofotografico\/\",\"name\":\"Concurso Fotografico \\\"Por um mundo mais que humano\\\"\",\"description\":\"\",\"publisher\":{\"@id\":\"https:\/\/otca.org\/concursofotografico\/#organization\"},\"potentialAction\":[{\"@type\":\"SearchAction\",\"target\":{\"@type\":\"EntryPoint\",\"urlTemplate\":\"https:\/\/otca.org\/concursofotografico\/?s={search_term_string}\"},\"query-input\":{\"@type\":\"PropertyValueSpecification\",\"valueRequired\":true,\"valueName\":\"search_term_string\"}}],\"inLanguage\":\"pt-BR\"},{\"@type\":\"Organization\",\"@id\":\"https:\/\/otca.org\/concursofotografico\/#organization\",\"name\":\"OTCA\",\"url\":\"https:\/\/otca.org\/concursofotografico\/\",\"logo\":{\"@type\":\"ImageObject\",\"inLanguage\":\"pt-BR\",\"@id\":\"https:\/\/otca.org\/concursofotografico\/#\/schema\/logo\/image\/\",\"url\":\"https:\/\/otca.org\/concursofotografico\/wp-content\/uploads\/2024\/08\/logo-OTCA_PT.svg\",\"contentUrl\":\"https:\/\/otca.org\/concursofotografico\/wp-content\/uploads\/2024\/08\/logo-OTCA_PT.svg\",\"width\":120,\"height\":50,\"caption\":\"OTCA\"},\"image\":{\"@id\":\"https:\/\/otca.org\/concursofotografico\/#\/schema\/logo\/image\/\"}},{\"@type\":\"Person\",\"@id\":\"https:\/\/otca.org\/concursofotografico\/#\/schema\/person\/4e9446479c393453a83844c0f8c57ef9\",\"name\":\"patosarda\",\"image\":{\"@type\":\"ImageObject\",\"inLanguage\":\"pt-BR\",\"@id\":\"https:\/\/otca.org\/concursofotografico\/#\/schema\/person\/image\/\",\"url\":\"https:\/\/secure.gravatar.com\/avatar\/2c949b651c66fd35d5bbeb2e3107fb32?s=96&d=mm&r=g\",\"contentUrl\":\"https:\/\/secure.gravatar.com\/avatar\/2c949b651c66fd35d5bbeb2e3107fb32?s=96&d=mm&r=g\",\"caption\":\"patosarda\"},\"sameAs\":[\"https:\/\/otca.org\/concursofotografico\"],\"url\":\"https:\/\/otca.org\/concursofotografico\/author\/patosarda\/\"}]}<\/script>\n<!-- \/ Yoast SEO plugin. -->","yoast_head_json":{"title":"Entrevista com Jaime Venegas, autor de \"Una Mirada\" - Concurso Fotografico","description":"Jaime Venegas Gavilanes, autor de \"Una Mirada\" \u00e9 um fot\u00f3grafo e cineasta equatoriano cuja trajet\u00f3ria art\u00edstica nasceu como um processo de autodescobrimento.","robots":{"index":"index","follow":"follow","max-snippet":"max-snippet:-1","max-image-preview":"max-image-preview:large","max-video-preview":"max-video-preview:-1"},"canonical":"https:\/\/otca.org\/concursofotografico\/entrevista-a-jaime-venegas-autor-de-una-mirada\/","og_locale":"pt_BR","og_type":"article","og_title":"Entrevista com Jaime Venegas, autor de \"Una Mirada\" - Concurso Fotografico","og_description":"Jaime Venegas Gavilanes, autor de \"Una Mirada\" \u00e9 um fot\u00f3grafo e cineasta equatoriano cuja trajet\u00f3ria art\u00edstica nasceu como um processo de autodescobrimento.","og_url":"https:\/\/otca.org\/concursofotografico\/entrevista-a-jaime-venegas-autor-de-una-mirada\/","og_site_name":"Concurso Fotografico","article_published_time":"2025-02-06T19:02:34+00:00","article_modified_time":"2025-02-14T12:30:32+00:00","og_image":[{"width":1250,"height":833,"url":"https:\/\/otca.org\/concursofotografico\/wp-content\/uploads\/2025\/01\/id008-Una-mirada-Jaime-Anibal-Venegas-Gavilanes-ART.jpg","type":"image\/jpeg"}],"author":"patosarda","twitter_card":"summary_large_image","twitter_misc":{"Escrito por":"patosarda","Est. tempo de leitura":"2 minutos"},"schema":{"@context":"https:\/\/schema.org","@graph":[{"@type":"Article","@id":"https:\/\/otca.org\/concursofotografico\/entrevista-a-jaime-venegas-autor-de-una-mirada\/#article","isPartOf":{"@id":"https:\/\/otca.org\/concursofotografico\/entrevista-a-jaime-venegas-autor-de-una-mirada\/"},"author":{"name":"patosarda","@id":"https:\/\/otca.org\/concursofotografico\/#\/schema\/person\/4e9446479c393453a83844c0f8c57ef9"},"headline":"Entrevista com Jaime Venegas, autor de &#8220;Una Mirada&#8221;","datePublished":"2025-02-06T19:02:34+00:00","dateModified":"2025-02-14T12:30:32+00:00","mainEntityOfPage":{"@id":"https:\/\/otca.org\/concursofotografico\/entrevista-a-jaime-venegas-autor-de-una-mirada\/"},"wordCount":534,"commentCount":0,"publisher":{"@id":"https:\/\/otca.org\/concursofotografico\/#organization"},"image":{"@id":"https:\/\/otca.org\/concursofotografico\/entrevista-a-jaime-venegas-autor-de-una-mirada\/#primaryimage"},"thumbnailUrl":"https:\/\/otca.org\/concursofotografico\/wp-content\/uploads\/2025\/01\/id008-Una-mirada-Jaime-Anibal-Venegas-Gavilanes-ART.jpg","articleSection":["Entrevistas"],"inLanguage":"pt-BR","potentialAction":[{"@type":"CommentAction","name":"Comment","target":["https:\/\/otca.org\/concursofotografico\/entrevista-a-jaime-venegas-autor-de-una-mirada\/#respond"]}]},{"@type":"WebPage","@id":"https:\/\/otca.org\/concursofotografico\/entrevista-a-jaime-venegas-autor-de-una-mirada\/","url":"https:\/\/otca.org\/concursofotografico\/entrevista-a-jaime-venegas-autor-de-una-mirada\/","name":"Entrevista com Jaime Venegas, autor de \"Una Mirada\" - Concurso Fotografico","isPartOf":{"@id":"https:\/\/otca.org\/concursofotografico\/#website"},"primaryImageOfPage":{"@id":"https:\/\/otca.org\/concursofotografico\/entrevista-a-jaime-venegas-autor-de-una-mirada\/#primaryimage"},"image":{"@id":"https:\/\/otca.org\/concursofotografico\/entrevista-a-jaime-venegas-autor-de-una-mirada\/#primaryimage"},"thumbnailUrl":"https:\/\/otca.org\/concursofotografico\/wp-content\/uploads\/2025\/01\/id008-Una-mirada-Jaime-Anibal-Venegas-Gavilanes-ART.jpg","datePublished":"2025-02-06T19:02:34+00:00","dateModified":"2025-02-14T12:30:32+00:00","description":"Jaime Venegas Gavilanes, autor de \"Una Mirada\" \u00e9 um fot\u00f3grafo e cineasta equatoriano cuja trajet\u00f3ria art\u00edstica nasceu como um processo de autodescobrimento.","breadcrumb":{"@id":"https:\/\/otca.org\/concursofotografico\/entrevista-a-jaime-venegas-autor-de-una-mirada\/#breadcrumb"},"inLanguage":"pt-BR","potentialAction":[{"@type":"ReadAction","target":["https:\/\/otca.org\/concursofotografico\/entrevista-a-jaime-venegas-autor-de-una-mirada\/"]}]},{"@type":"ImageObject","inLanguage":"pt-BR","@id":"https:\/\/otca.org\/concursofotografico\/entrevista-a-jaime-venegas-autor-de-una-mirada\/#primaryimage","url":"https:\/\/otca.org\/concursofotografico\/wp-content\/uploads\/2025\/01\/id008-Una-mirada-Jaime-Anibal-Venegas-Gavilanes-ART.jpg","contentUrl":"https:\/\/otca.org\/concursofotografico\/wp-content\/uploads\/2025\/01\/id008-Una-mirada-Jaime-Anibal-Venegas-Gavilanes-ART.jpg","width":1250,"height":833,"caption":"id008 Una mirada Jaime Anibal Venegas Gavilanes ART"},{"@type":"BreadcrumbList","@id":"https:\/\/otca.org\/concursofotografico\/entrevista-a-jaime-venegas-autor-de-una-mirada\/#breadcrumb","itemListElement":[{"@type":"ListItem","position":1,"name":"In\u00edcio","item":"https:\/\/otca.org\/concursofotografico\/"},{"@type":"ListItem","position":2,"name":"Entrevista com Jaime Venegas, autor de &#8220;Una Mirada&#8221;"}]},{"@type":"WebSite","@id":"https:\/\/otca.org\/concursofotografico\/#website","url":"https:\/\/otca.org\/concursofotografico\/","name":"Concurso Fotografico \"Por um mundo mais que humano\"","description":"","publisher":{"@id":"https:\/\/otca.org\/concursofotografico\/#organization"},"potentialAction":[{"@type":"SearchAction","target":{"@type":"EntryPoint","urlTemplate":"https:\/\/otca.org\/concursofotografico\/?s={search_term_string}"},"query-input":{"@type":"PropertyValueSpecification","valueRequired":true,"valueName":"search_term_string"}}],"inLanguage":"pt-BR"},{"@type":"Organization","@id":"https:\/\/otca.org\/concursofotografico\/#organization","name":"OTCA","url":"https:\/\/otca.org\/concursofotografico\/","logo":{"@type":"ImageObject","inLanguage":"pt-BR","@id":"https:\/\/otca.org\/concursofotografico\/#\/schema\/logo\/image\/","url":"https:\/\/otca.org\/concursofotografico\/wp-content\/uploads\/2024\/08\/logo-OTCA_PT.svg","contentUrl":"https:\/\/otca.org\/concursofotografico\/wp-content\/uploads\/2024\/08\/logo-OTCA_PT.svg","width":120,"height":50,"caption":"OTCA"},"image":{"@id":"https:\/\/otca.org\/concursofotografico\/#\/schema\/logo\/image\/"}},{"@type":"Person","@id":"https:\/\/otca.org\/concursofotografico\/#\/schema\/person\/4e9446479c393453a83844c0f8c57ef9","name":"patosarda","image":{"@type":"ImageObject","inLanguage":"pt-BR","@id":"https:\/\/otca.org\/concursofotografico\/#\/schema\/person\/image\/","url":"https:\/\/secure.gravatar.com\/avatar\/2c949b651c66fd35d5bbeb2e3107fb32?s=96&d=mm&r=g","contentUrl":"https:\/\/secure.gravatar.com\/avatar\/2c949b651c66fd35d5bbeb2e3107fb32?s=96&d=mm&r=g","caption":"patosarda"},"sameAs":["https:\/\/otca.org\/concursofotografico"],"url":"https:\/\/otca.org\/concursofotografico\/author\/patosarda\/"}]}},"_links":{"self":[{"href":"https:\/\/otca.org\/concursofotografico\/wp-json\/wp\/v2\/posts\/1085"}],"collection":[{"href":"https:\/\/otca.org\/concursofotografico\/wp-json\/wp\/v2\/posts"}],"about":[{"href":"https:\/\/otca.org\/concursofotografico\/wp-json\/wp\/v2\/types\/post"}],"author":[{"embeddable":true,"href":"https:\/\/otca.org\/concursofotografico\/wp-json\/wp\/v2\/users\/1"}],"replies":[{"embeddable":true,"href":"https:\/\/otca.org\/concursofotografico\/wp-json\/wp\/v2\/comments?post=1085"}],"version-history":[{"count":9,"href":"https:\/\/otca.org\/concursofotografico\/wp-json\/wp\/v2\/posts\/1085\/revisions"}],"predecessor-version":[{"id":1476,"href":"https:\/\/otca.org\/concursofotografico\/wp-json\/wp\/v2\/posts\/1085\/revisions\/1476"}],"wp:featuredmedia":[{"embeddable":true,"href":"https:\/\/otca.org\/concursofotografico\/wp-json\/wp\/v2\/media\/584"}],"wp:attachment":[{"href":"https:\/\/otca.org\/concursofotografico\/wp-json\/wp\/v2\/media?parent=1085"}],"wp:term":[{"taxonomy":"category","embeddable":true,"href":"https:\/\/otca.org\/concursofotografico\/wp-json\/wp\/v2\/categories?post=1085"},{"taxonomy":"post_tag","embeddable":true,"href":"https:\/\/otca.org\/concursofotografico\/wp-json\/wp\/v2\/tags?post=1085"}],"curies":[{"name":"wp","href":"https:\/\/api.w.org\/{rel}","templated":true}]}}