{"id":1117,"date":"2025-02-06T19:59:20","date_gmt":"2025-02-06T19:59:20","guid":{"rendered":"https:\/\/otca.org\/concursofotografico\/?p=1117"},"modified":"2025-02-14T12:27:45","modified_gmt":"2025-02-14T12:27:45","slug":"entrevista-a-joyce-anika-autora-de-garimpo-e-crime","status":"publish","type":"post","link":"https:\/\/otca.org\/concursofotografico\/entrevista-a-joyce-anika-autora-de-garimpo-e-crime\/","title":{"rendered":"Entrevista com Joyce Anika, autora de &#8220;Garimpo \u00e9 crime&#8221;"},"content":{"rendered":"<p><strong>Fotografia: <em>Garimpo \u00e9 crime<\/em> (2022)<\/strong><\/p>\n<p><strong>Local: Acampamento Tierra Libre, Brasil\u00eda, Brasil\u00a0<\/strong><\/p>\n<p>Joyce Anika \u00e9 uma jovem ind\u00edgena da regi\u00e3o amaz\u00f4nica, natural do estado do Amap\u00e1, e pertence ao povo Karipuna, no norte do Brasil. Aos 23 anos, sua trajet\u00f3ria no movimento indigenista come\u00e7ou em 2020, quando participou de um programa do governo em um curso de comunica\u00e7\u00e3o para jovens ind\u00edgenas, onde foi apresentada \u00e0 fotografia e logo se apaixonou pela arte de capturar momentos e contar hist\u00f3rias por meio das imagens. Em 2021, teve a oportunidade de participar do Acampamento Terra Livre (ATL) em Bras\u00edlia, representando a associa\u00e7\u00e3o ind\u00edgena de seu povo, a AIKA. Naquele momento, a luta era contra a explora\u00e7\u00e3o do ouro e o garimpo, especialmente nas terras Yanomami.<\/p>\n<h2>\u201cN\u00e3o foi apenas uma fotografia, mas um testemunho da nossa resist\u00eancia.&#8221;<\/h2>\n<blockquote><p>\u201cNo ATL, um dos momentos mais marcantes foi uma marcha onde os participantes levaram blocos de isopor representando ouro, cobertos com marcas de m\u00e3os e sangue, simbolizando o impacto destrutivo do garimpo. Esse momento foi um marco para mim como fot\u00f3grafa, pois percebi o poder da imagem na nossa luta. Pensei em todos os parentes, na minha pr\u00f3pria terra, o Amap\u00e1, que sempre foi um ponto de explora\u00e7\u00e3o de ouro devido \u00e0 sua fronteira com a Guiana Francesa. Foi uma cena muito forte, e decidi registr\u00e1-la.\u201d<\/p>\n<p>&#8220;Me descobri na fotografia registrando o movimento contra o garimpo, que marcou n\u00e3o apenas os parentes de todo o Brasil, mas especialmente o Amap\u00e1, regi\u00e3o afetada pela explora\u00e7\u00e3o do ouro. Meu povo convive com essa realidade h\u00e1 muito tempo. Aqui, temos tr\u00eas terras ind\u00edgenas e quatro povos, Galibi Marworno, Galibi, Palikur e Karipuna,\u00a0 cada um com sua l\u00edngua, mas todos afetados pelo garimpo. Essa atividade traz n\u00e3o apenas destrui\u00e7\u00e3o ambiental, mas tamb\u00e9m tr\u00e1fico, prostitui\u00e7\u00e3o e aumento da criminalidade. Nos solidarizamos com os Yanomami, pois entendemos o impacto devastador do garimpo. Por tr\u00e1s daquela imagem, h\u00e1 um contexto hist\u00f3rico de anos de luta e repetidas viola\u00e7\u00f5es. Denunciamos todos os anos a invas\u00e3o de garimpeiros ilegais nas terras ind\u00edgenas, mas muitas vezes n\u00e3o somos ouvidos. O registro que fiz naquele ato, na manifesta\u00e7\u00e3o do Acampamento Terra Livre de 2021, n\u00e3o foi apenas uma fotografia, mas um testemunho da nossa resist\u00eancia.&#8221;<\/p><\/blockquote>\n<h2>A fotografia como ferramenta de resist\u00eancia<\/h2>\n<blockquote><p>&#8221; A fotografia, para mim, \u00e9 uma forma de express\u00e3o, n\u00e3o apenas um registro de tempo. Ela \u00e9 um transmissor que a gente utiliza pra que voc\u00eas consigam ver. E a ess\u00eancia do que a gente atrav\u00e9s dos nossos olhos. Nossas lentes s\u00e3o nossos olhos no territ\u00f3rio e, quando registramos um ato que nos fere, que prejudica a natureza, isso vai al\u00e9m de um grito, ele se torna um discurso em formato de imagem. E, a conex\u00e3o com a natureza vai muito al\u00e9m do que ela pode nos oferecer. Ela \u00e9 nossa parente e, quando \u00e9 ferida, sinto que est\u00e1 doente. Estamos falando cada vez mais sobre as mudan\u00e7as clim\u00e1ticas e, nesse contexto, o audiovisual e a fotografia t\u00eam sido ferramentas de luta, tanto para levar informa\u00e7\u00e3o aos territ\u00f3rios quanto para mostrar que problemas como a explora\u00e7\u00e3o do garimpo n\u00e3o s\u00e3o isolados. Atrav\u00e9s das imagens, conseguimos denunciar, conscientizar e amplificar nossa voz&#8221;.<\/p><\/blockquote>\n<h2>Visibilizando a luta ind\u00edgena<\/h2>\n<blockquote><p>&#8220;Desde 2021, passei a trabalhar com outras organiza\u00e7\u00f5es ind\u00edgenas da Amaz\u00f4nia, como a COIAB e a APOIANP. Utilizo a fotografia, a produ\u00e7\u00e3o textual e audiovisual para registrar nossas lutas contra as mudan\u00e7as clim\u00e1ticas, a explora\u00e7\u00e3o ilegal e pela demarca\u00e7\u00e3o de terras. Esses registros n\u00e3o s\u00f3 levam informa\u00e7\u00e3o para os territ\u00f3rios, mas tamb\u00e9m amplificam a nossa voz (&#8230;) fortalece ainda mais a luta ind\u00edgena e a comunica\u00e7\u00e3o feita por n\u00f3s, mostrando que estamos aqui e sempre estivemos.&#8221;<\/p><\/blockquote>\n","protected":false},"excerpt":{"rendered":"<p>Fotografia: Garimpo \u00e9 crime (2022) Local: Acampamento Tierra Libre, Brasil\u00eda, [&hellip;]<\/p>\n","protected":false},"author":1,"featured_media":601,"comment_status":"open","ping_status":"open","sticky":false,"template":"","format":"standard","meta":{"_acf_changed":false,"footnotes":""},"categories":[1176],"tags":[],"class_list":["post-1117","post","type-post","status-publish","format-standard","has-post-thumbnail","hentry","category-entrevistas"],"acf":[],"yoast_head":"<!-- This site is optimized with the Yoast SEO plugin v24.4 - https:\/\/yoast.com\/wordpress\/plugins\/seo\/ -->\n<title>Entrevista com Joyce Anika, autora de &quot;Garimpo \u00e9 crime&quot; - Concurso Fotografico<\/title>\n<meta name=\"robots\" content=\"index, follow, max-snippet:-1, max-image-preview:large, max-video-preview:-1\" \/>\n<link rel=\"canonical\" href=\"https:\/\/otca.org\/concursofotografico\/entrevista-a-joyce-anika-autora-de-garimpo-e-crime\/\" \/>\n<meta property=\"og:locale\" content=\"pt_BR\" \/>\n<meta property=\"og:type\" content=\"article\" \/>\n<meta property=\"og:title\" content=\"Entrevista com Joyce Anika, autora de &quot;Garimpo \u00e9 crime&quot; - Concurso Fotografico\" \/>\n<meta property=\"og:description\" content=\"Fotografia: Garimpo \u00e9 crime (2022) Local: Acampamento Tierra Libre, Brasil\u00eda, [&hellip;]\" \/>\n<meta property=\"og:url\" content=\"https:\/\/otca.org\/concursofotografico\/entrevista-a-joyce-anika-autora-de-garimpo-e-crime\/\" \/>\n<meta property=\"og:site_name\" content=\"Concurso Fotografico\" \/>\n<meta property=\"article:published_time\" content=\"2025-02-06T19:59:20+00:00\" \/>\n<meta property=\"article:modified_time\" content=\"2025-02-14T12:27:45+00:00\" \/>\n<meta property=\"og:image\" content=\"https:\/\/otca.org\/concursofotografico\/wp-content\/uploads\/2025\/01\/id020-Joyce-Anika-.jpg\" \/>\n\t<meta property=\"og:image:width\" content=\"1250\" \/>\n\t<meta property=\"og:image:height\" content=\"704\" \/>\n\t<meta property=\"og:image:type\" content=\"image\/jpeg\" \/>\n<meta name=\"author\" content=\"patosarda\" \/>\n<meta name=\"twitter:card\" content=\"summary_large_image\" \/>\n<meta name=\"twitter:label1\" content=\"Escrito por\" \/>\n\t<meta name=\"twitter:data1\" content=\"patosarda\" \/>\n\t<meta name=\"twitter:label2\" content=\"Est. tempo de leitura\" \/>\n\t<meta name=\"twitter:data2\" content=\"1 minuto\" \/>\n<script type=\"application\/ld+json\" class=\"yoast-schema-graph\">{\"@context\":\"https:\/\/schema.org\",\"@graph\":[{\"@type\":\"Article\",\"@id\":\"https:\/\/otca.org\/concursofotografico\/entrevista-a-joyce-anika-autora-de-garimpo-e-crime\/#article\",\"isPartOf\":{\"@id\":\"https:\/\/otca.org\/concursofotografico\/entrevista-a-joyce-anika-autora-de-garimpo-e-crime\/\"},\"author\":{\"name\":\"patosarda\",\"@id\":\"https:\/\/otca.org\/concursofotografico\/#\/schema\/person\/4e9446479c393453a83844c0f8c57ef9\"},\"headline\":\"Entrevista com Joyce Anika, autora de &#8220;Garimpo \u00e9 crime&#8221;\",\"datePublished\":\"2025-02-06T19:59:20+00:00\",\"dateModified\":\"2025-02-14T12:27:45+00:00\",\"mainEntityOfPage\":{\"@id\":\"https:\/\/otca.org\/concursofotografico\/entrevista-a-joyce-anika-autora-de-garimpo-e-crime\/\"},\"wordCount\":672,\"commentCount\":0,\"publisher\":{\"@id\":\"https:\/\/otca.org\/concursofotografico\/#organization\"},\"image\":{\"@id\":\"https:\/\/otca.org\/concursofotografico\/entrevista-a-joyce-anika-autora-de-garimpo-e-crime\/#primaryimage\"},\"thumbnailUrl\":\"https:\/\/otca.org\/concursofotografico\/wp-content\/uploads\/2025\/01\/id020-Joyce-Anika-.jpg\",\"articleSection\":[\"Entrevistas\"],\"inLanguage\":\"pt-BR\",\"potentialAction\":[{\"@type\":\"CommentAction\",\"name\":\"Comment\",\"target\":[\"https:\/\/otca.org\/concursofotografico\/entrevista-a-joyce-anika-autora-de-garimpo-e-crime\/#respond\"]}]},{\"@type\":\"WebPage\",\"@id\":\"https:\/\/otca.org\/concursofotografico\/entrevista-a-joyce-anika-autora-de-garimpo-e-crime\/\",\"url\":\"https:\/\/otca.org\/concursofotografico\/entrevista-a-joyce-anika-autora-de-garimpo-e-crime\/\",\"name\":\"Entrevista com Joyce Anika, autora de \\\"Garimpo \u00e9 crime\\\" - Concurso Fotografico\",\"isPartOf\":{\"@id\":\"https:\/\/otca.org\/concursofotografico\/#website\"},\"primaryImageOfPage\":{\"@id\":\"https:\/\/otca.org\/concursofotografico\/entrevista-a-joyce-anika-autora-de-garimpo-e-crime\/#primaryimage\"},\"image\":{\"@id\":\"https:\/\/otca.org\/concursofotografico\/entrevista-a-joyce-anika-autora-de-garimpo-e-crime\/#primaryimage\"},\"thumbnailUrl\":\"https:\/\/otca.org\/concursofotografico\/wp-content\/uploads\/2025\/01\/id020-Joyce-Anika-.jpg\",\"datePublished\":\"2025-02-06T19:59:20+00:00\",\"dateModified\":\"2025-02-14T12:27:45+00:00\",\"breadcrumb\":{\"@id\":\"https:\/\/otca.org\/concursofotografico\/entrevista-a-joyce-anika-autora-de-garimpo-e-crime\/#breadcrumb\"},\"inLanguage\":\"pt-BR\",\"potentialAction\":[{\"@type\":\"ReadAction\",\"target\":[\"https:\/\/otca.org\/concursofotografico\/entrevista-a-joyce-anika-autora-de-garimpo-e-crime\/\"]}]},{\"@type\":\"ImageObject\",\"inLanguage\":\"pt-BR\",\"@id\":\"https:\/\/otca.org\/concursofotografico\/entrevista-a-joyce-anika-autora-de-garimpo-e-crime\/#primaryimage\",\"url\":\"https:\/\/otca.org\/concursofotografico\/wp-content\/uploads\/2025\/01\/id020-Joyce-Anika-.jpg\",\"contentUrl\":\"https:\/\/otca.org\/concursofotografico\/wp-content\/uploads\/2025\/01\/id020-Joyce-Anika-.jpg\",\"width\":1250,\"height\":704,\"caption\":\"id020 Joyce Anika\"},{\"@type\":\"BreadcrumbList\",\"@id\":\"https:\/\/otca.org\/concursofotografico\/entrevista-a-joyce-anika-autora-de-garimpo-e-crime\/#breadcrumb\",\"itemListElement\":[{\"@type\":\"ListItem\",\"position\":1,\"name\":\"In\u00edcio\",\"item\":\"https:\/\/otca.org\/concursofotografico\/\"},{\"@type\":\"ListItem\",\"position\":2,\"name\":\"Entrevista com Joyce Anika, autora de &#8220;Garimpo \u00e9 crime&#8221;\"}]},{\"@type\":\"WebSite\",\"@id\":\"https:\/\/otca.org\/concursofotografico\/#website\",\"url\":\"https:\/\/otca.org\/concursofotografico\/\",\"name\":\"Concurso Fotografico \\\"Por um mundo mais que humano\\\"\",\"description\":\"\",\"publisher\":{\"@id\":\"https:\/\/otca.org\/concursofotografico\/#organization\"},\"potentialAction\":[{\"@type\":\"SearchAction\",\"target\":{\"@type\":\"EntryPoint\",\"urlTemplate\":\"https:\/\/otca.org\/concursofotografico\/?s={search_term_string}\"},\"query-input\":{\"@type\":\"PropertyValueSpecification\",\"valueRequired\":true,\"valueName\":\"search_term_string\"}}],\"inLanguage\":\"pt-BR\"},{\"@type\":\"Organization\",\"@id\":\"https:\/\/otca.org\/concursofotografico\/#organization\",\"name\":\"OTCA\",\"url\":\"https:\/\/otca.org\/concursofotografico\/\",\"logo\":{\"@type\":\"ImageObject\",\"inLanguage\":\"pt-BR\",\"@id\":\"https:\/\/otca.org\/concursofotografico\/#\/schema\/logo\/image\/\",\"url\":\"https:\/\/otca.org\/concursofotografico\/wp-content\/uploads\/2024\/08\/logo-OTCA_PT.svg\",\"contentUrl\":\"https:\/\/otca.org\/concursofotografico\/wp-content\/uploads\/2024\/08\/logo-OTCA_PT.svg\",\"width\":120,\"height\":50,\"caption\":\"OTCA\"},\"image\":{\"@id\":\"https:\/\/otca.org\/concursofotografico\/#\/schema\/logo\/image\/\"}},{\"@type\":\"Person\",\"@id\":\"https:\/\/otca.org\/concursofotografico\/#\/schema\/person\/4e9446479c393453a83844c0f8c57ef9\",\"name\":\"patosarda\",\"image\":{\"@type\":\"ImageObject\",\"inLanguage\":\"pt-BR\",\"@id\":\"https:\/\/otca.org\/concursofotografico\/#\/schema\/person\/image\/\",\"url\":\"https:\/\/secure.gravatar.com\/avatar\/2c949b651c66fd35d5bbeb2e3107fb32?s=96&d=mm&r=g\",\"contentUrl\":\"https:\/\/secure.gravatar.com\/avatar\/2c949b651c66fd35d5bbeb2e3107fb32?s=96&d=mm&r=g\",\"caption\":\"patosarda\"},\"sameAs\":[\"https:\/\/otca.org\/concursofotografico\"],\"url\":\"https:\/\/otca.org\/concursofotografico\/author\/patosarda\/\"}]}<\/script>\n<!-- \/ Yoast SEO plugin. -->","yoast_head_json":{"title":"Entrevista com Joyce Anika, autora de \"Garimpo \u00e9 crime\" - Concurso Fotografico","robots":{"index":"index","follow":"follow","max-snippet":"max-snippet:-1","max-image-preview":"max-image-preview:large","max-video-preview":"max-video-preview:-1"},"canonical":"https:\/\/otca.org\/concursofotografico\/entrevista-a-joyce-anika-autora-de-garimpo-e-crime\/","og_locale":"pt_BR","og_type":"article","og_title":"Entrevista com Joyce Anika, autora de \"Garimpo \u00e9 crime\" - Concurso Fotografico","og_description":"Fotografia: Garimpo \u00e9 crime (2022) Local: Acampamento Tierra Libre, Brasil\u00eda, [&hellip;]","og_url":"https:\/\/otca.org\/concursofotografico\/entrevista-a-joyce-anika-autora-de-garimpo-e-crime\/","og_site_name":"Concurso Fotografico","article_published_time":"2025-02-06T19:59:20+00:00","article_modified_time":"2025-02-14T12:27:45+00:00","og_image":[{"width":1250,"height":704,"url":"https:\/\/otca.org\/concursofotografico\/wp-content\/uploads\/2025\/01\/id020-Joyce-Anika-.jpg","type":"image\/jpeg"}],"author":"patosarda","twitter_card":"summary_large_image","twitter_misc":{"Escrito por":"patosarda","Est. tempo de leitura":"1 minuto"},"schema":{"@context":"https:\/\/schema.org","@graph":[{"@type":"Article","@id":"https:\/\/otca.org\/concursofotografico\/entrevista-a-joyce-anika-autora-de-garimpo-e-crime\/#article","isPartOf":{"@id":"https:\/\/otca.org\/concursofotografico\/entrevista-a-joyce-anika-autora-de-garimpo-e-crime\/"},"author":{"name":"patosarda","@id":"https:\/\/otca.org\/concursofotografico\/#\/schema\/person\/4e9446479c393453a83844c0f8c57ef9"},"headline":"Entrevista com Joyce Anika, autora de &#8220;Garimpo \u00e9 crime&#8221;","datePublished":"2025-02-06T19:59:20+00:00","dateModified":"2025-02-14T12:27:45+00:00","mainEntityOfPage":{"@id":"https:\/\/otca.org\/concursofotografico\/entrevista-a-joyce-anika-autora-de-garimpo-e-crime\/"},"wordCount":672,"commentCount":0,"publisher":{"@id":"https:\/\/otca.org\/concursofotografico\/#organization"},"image":{"@id":"https:\/\/otca.org\/concursofotografico\/entrevista-a-joyce-anika-autora-de-garimpo-e-crime\/#primaryimage"},"thumbnailUrl":"https:\/\/otca.org\/concursofotografico\/wp-content\/uploads\/2025\/01\/id020-Joyce-Anika-.jpg","articleSection":["Entrevistas"],"inLanguage":"pt-BR","potentialAction":[{"@type":"CommentAction","name":"Comment","target":["https:\/\/otca.org\/concursofotografico\/entrevista-a-joyce-anika-autora-de-garimpo-e-crime\/#respond"]}]},{"@type":"WebPage","@id":"https:\/\/otca.org\/concursofotografico\/entrevista-a-joyce-anika-autora-de-garimpo-e-crime\/","url":"https:\/\/otca.org\/concursofotografico\/entrevista-a-joyce-anika-autora-de-garimpo-e-crime\/","name":"Entrevista com Joyce Anika, autora de \"Garimpo \u00e9 crime\" - Concurso Fotografico","isPartOf":{"@id":"https:\/\/otca.org\/concursofotografico\/#website"},"primaryImageOfPage":{"@id":"https:\/\/otca.org\/concursofotografico\/entrevista-a-joyce-anika-autora-de-garimpo-e-crime\/#primaryimage"},"image":{"@id":"https:\/\/otca.org\/concursofotografico\/entrevista-a-joyce-anika-autora-de-garimpo-e-crime\/#primaryimage"},"thumbnailUrl":"https:\/\/otca.org\/concursofotografico\/wp-content\/uploads\/2025\/01\/id020-Joyce-Anika-.jpg","datePublished":"2025-02-06T19:59:20+00:00","dateModified":"2025-02-14T12:27:45+00:00","breadcrumb":{"@id":"https:\/\/otca.org\/concursofotografico\/entrevista-a-joyce-anika-autora-de-garimpo-e-crime\/#breadcrumb"},"inLanguage":"pt-BR","potentialAction":[{"@type":"ReadAction","target":["https:\/\/otca.org\/concursofotografico\/entrevista-a-joyce-anika-autora-de-garimpo-e-crime\/"]}]},{"@type":"ImageObject","inLanguage":"pt-BR","@id":"https:\/\/otca.org\/concursofotografico\/entrevista-a-joyce-anika-autora-de-garimpo-e-crime\/#primaryimage","url":"https:\/\/otca.org\/concursofotografico\/wp-content\/uploads\/2025\/01\/id020-Joyce-Anika-.jpg","contentUrl":"https:\/\/otca.org\/concursofotografico\/wp-content\/uploads\/2025\/01\/id020-Joyce-Anika-.jpg","width":1250,"height":704,"caption":"id020 Joyce Anika"},{"@type":"BreadcrumbList","@id":"https:\/\/otca.org\/concursofotografico\/entrevista-a-joyce-anika-autora-de-garimpo-e-crime\/#breadcrumb","itemListElement":[{"@type":"ListItem","position":1,"name":"In\u00edcio","item":"https:\/\/otca.org\/concursofotografico\/"},{"@type":"ListItem","position":2,"name":"Entrevista com Joyce Anika, autora de &#8220;Garimpo \u00e9 crime&#8221;"}]},{"@type":"WebSite","@id":"https:\/\/otca.org\/concursofotografico\/#website","url":"https:\/\/otca.org\/concursofotografico\/","name":"Concurso Fotografico \"Por um mundo mais que humano\"","description":"","publisher":{"@id":"https:\/\/otca.org\/concursofotografico\/#organization"},"potentialAction":[{"@type":"SearchAction","target":{"@type":"EntryPoint","urlTemplate":"https:\/\/otca.org\/concursofotografico\/?s={search_term_string}"},"query-input":{"@type":"PropertyValueSpecification","valueRequired":true,"valueName":"search_term_string"}}],"inLanguage":"pt-BR"},{"@type":"Organization","@id":"https:\/\/otca.org\/concursofotografico\/#organization","name":"OTCA","url":"https:\/\/otca.org\/concursofotografico\/","logo":{"@type":"ImageObject","inLanguage":"pt-BR","@id":"https:\/\/otca.org\/concursofotografico\/#\/schema\/logo\/image\/","url":"https:\/\/otca.org\/concursofotografico\/wp-content\/uploads\/2024\/08\/logo-OTCA_PT.svg","contentUrl":"https:\/\/otca.org\/concursofotografico\/wp-content\/uploads\/2024\/08\/logo-OTCA_PT.svg","width":120,"height":50,"caption":"OTCA"},"image":{"@id":"https:\/\/otca.org\/concursofotografico\/#\/schema\/logo\/image\/"}},{"@type":"Person","@id":"https:\/\/otca.org\/concursofotografico\/#\/schema\/person\/4e9446479c393453a83844c0f8c57ef9","name":"patosarda","image":{"@type":"ImageObject","inLanguage":"pt-BR","@id":"https:\/\/otca.org\/concursofotografico\/#\/schema\/person\/image\/","url":"https:\/\/secure.gravatar.com\/avatar\/2c949b651c66fd35d5bbeb2e3107fb32?s=96&d=mm&r=g","contentUrl":"https:\/\/secure.gravatar.com\/avatar\/2c949b651c66fd35d5bbeb2e3107fb32?s=96&d=mm&r=g","caption":"patosarda"},"sameAs":["https:\/\/otca.org\/concursofotografico"],"url":"https:\/\/otca.org\/concursofotografico\/author\/patosarda\/"}]}},"_links":{"self":[{"href":"https:\/\/otca.org\/concursofotografico\/wp-json\/wp\/v2\/posts\/1117"}],"collection":[{"href":"https:\/\/otca.org\/concursofotografico\/wp-json\/wp\/v2\/posts"}],"about":[{"href":"https:\/\/otca.org\/concursofotografico\/wp-json\/wp\/v2\/types\/post"}],"author":[{"embeddable":true,"href":"https:\/\/otca.org\/concursofotografico\/wp-json\/wp\/v2\/users\/1"}],"replies":[{"embeddable":true,"href":"https:\/\/otca.org\/concursofotografico\/wp-json\/wp\/v2\/comments?post=1117"}],"version-history":[{"count":4,"href":"https:\/\/otca.org\/concursofotografico\/wp-json\/wp\/v2\/posts\/1117\/revisions"}],"predecessor-version":[{"id":1466,"href":"https:\/\/otca.org\/concursofotografico\/wp-json\/wp\/v2\/posts\/1117\/revisions\/1466"}],"wp:featuredmedia":[{"embeddable":true,"href":"https:\/\/otca.org\/concursofotografico\/wp-json\/wp\/v2\/media\/601"}],"wp:attachment":[{"href":"https:\/\/otca.org\/concursofotografico\/wp-json\/wp\/v2\/media?parent=1117"}],"wp:term":[{"taxonomy":"category","embeddable":true,"href":"https:\/\/otca.org\/concursofotografico\/wp-json\/wp\/v2\/categories?post=1117"},{"taxonomy":"post_tag","embeddable":true,"href":"https:\/\/otca.org\/concursofotografico\/wp-json\/wp\/v2\/tags?post=1117"}],"curies":[{"name":"wp","href":"https:\/\/api.w.org\/{rel}","templated":true}]}}