{"id":1128,"date":"2025-02-06T20:17:27","date_gmt":"2025-02-06T20:17:27","guid":{"rendered":"https:\/\/otca.org\/concursofotografico\/?p=1128"},"modified":"2025-02-14T12:26:52","modified_gmt":"2025-02-14T12:26:52","slug":"entrevista-a-alvaro-de-souza-autor-de-cotidiano","status":"publish","type":"post","link":"https:\/\/otca.org\/concursofotografico\/entrevista-a-alvaro-de-souza-autor-de-cotidiano\/","title":{"rendered":"Entrevista com \u00c1lvaro de Souza, autor de &#8220;Cotidiano&#8221;"},"content":{"rendered":"<p><strong>Fotografia: <em>Cotidiano<\/em> (2013)<\/strong><\/p>\n<p><strong>Local: Rio Iriri, Par\u00e1, Brasil<\/strong><\/p>\n<p>\u00c1lvaro de Souza \u00e9 artista visual, fot\u00f3grafo e ator de teatro, nascido em Oriximin\u00e1, na Amaz\u00f4nia brasileira. Desde cedo, sua trajet\u00f3ria foi marcada pelo olhar atento \u00e0s imagens e pelas artes c\u00eanicas. Formado em Artes Visuais pela Universidade Federal do Par\u00e1 e em Turismo pela UNAMA, ao longo dos anos morou em diversas cidades no Brasil e no exterior, incluindo Portugal, mas sempre manteve sua conex\u00e3o com a Amaz\u00f4nia. Atualmente, vive em um flutuante \u00e0s margens do rio, pr\u00f3ximo \u00e0 casa de seus pais, e se dedica ao teatro como ferramenta de transforma\u00e7\u00e3o social. Para ele, a fotografia, o teatro e a arte s\u00e3o formas de registrar, sensibilizar e transformar a realidade ao seu redor.<\/p>\n<p>Durante v\u00e1rios anos, trabalhou em um projeto da Universidade Federal relacionado \u00e0 constru\u00e7\u00e3o da hidrel\u00e9trica de Belo Monte, uma obra de grande impacto no Rio Xingu. Seu trabalho estava voltado para o estudo dos impactos socioambientais da hidrel\u00e9trica, mas, paralelamente, encontrou na fotografia uma forma de contemplar e registrar a vida cotidiana dos pescadores e as transforma\u00e7\u00f5es na paisagem amaz\u00f4nica. Esse olhar sens\u00edvel resultou em um vasto acervo de imagens que documentam a rela\u00e7\u00e3o entre a natureza e as comunidades da regi\u00e3o.<\/p>\n<blockquote><p>\u201cEssa foto [<em>Cotidiano<\/em>] me chamou aten\u00e7\u00e3o porque est\u00e1vamos estudando o impacto da constru\u00e7\u00e3o de uma grande hidrel\u00e9trica, uma obra tecnol\u00f3gica gigantesca, no Rio Xingu. E, no meio dessa transforma\u00e7\u00e3o, havia uma mulher lavando suas panelas no rio, vivendo seu cotidiano sem imaginar as mudan\u00e7as que essa hidrel\u00e9trica traria.\u00a0 A tecnologia modificou muita coisa na regi\u00e3o, mas as pessoas ainda vivem como suas bisav\u00f3s viviam. Esse contraste me impactou: n\u00f3s est\u00e1vamos ali, realizando pesquisas cient\u00edficas, enquanto essa mulher seguia sua rotina como sempre.\u201d<\/p><\/blockquote>\n<blockquote><p>&#8220;Mesmo em comunidades ribeirinhas ou aldeias ind\u00edgenas, as pessoas t\u00eam celulares e acesso \u00e0s redes sociais. A imagem tem um poder imenso de comunica\u00e7\u00e3o. (&#8230;) Acredito que um trabalho de educa\u00e7\u00e3o ambiental utilizando fotografia e v\u00eddeos poderia chamar aten\u00e7\u00e3o para essa realidade. Se divulgarmos essas imagens nas redes sociais, podemos conscientizar as pessoas de que elas fazem parte do problema \u2014 e da solu\u00e7\u00e3o. A fotografia tem essa for\u00e7a de sensibiliza\u00e7\u00e3o e pode ser uma grande aliada na educa\u00e7\u00e3o ambiental.<\/p><\/blockquote>\n<blockquote><p>\u201cAcredito que, quando temos algo positivo a dizer, isso pode gerar impacto. Essa viv\u00eancia me trouxe uma nova vis\u00e3o e um novo pensamento sobre o lugar onde estou agora. Meu prop\u00f3sito \u00e9 viver aqui, sair pelo mundo para visitar amigos e conhecer novos lugares, mas sempre retornar e transformar o meu conhecimento em trabalho e arte\u201d.<\/p><\/blockquote>\n","protected":false},"excerpt":{"rendered":"<p>Fotografia: Cotidiano (2013) Local: Rio Iriri, Par\u00e1, Brasil \u00c1lvaro de [&hellip;]<\/p>\n","protected":false},"author":1,"featured_media":634,"comment_status":"open","ping_status":"open","sticky":false,"template":"","format":"standard","meta":{"_acf_changed":false,"footnotes":""},"categories":[1176],"tags":[],"class_list":["post-1128","post","type-post","status-publish","format-standard","has-post-thumbnail","hentry","category-entrevistas"],"acf":[],"yoast_head":"<!-- This site is optimized with the Yoast SEO plugin v24.4 - https:\/\/yoast.com\/wordpress\/plugins\/seo\/ -->\n<title>Entrevista com \u00c1lvaro de Souza, autor de &quot;Cotidiano&quot; - Concurso Fotografico<\/title>\n<meta name=\"robots\" content=\"index, follow, max-snippet:-1, max-image-preview:large, max-video-preview:-1\" \/>\n<link rel=\"canonical\" href=\"https:\/\/otca.org\/concursofotografico\/entrevista-a-alvaro-de-souza-autor-de-cotidiano\/\" \/>\n<meta property=\"og:locale\" content=\"pt_BR\" \/>\n<meta property=\"og:type\" content=\"article\" \/>\n<meta property=\"og:title\" content=\"Entrevista com \u00c1lvaro de Souza, autor de &quot;Cotidiano&quot; - Concurso Fotografico\" \/>\n<meta property=\"og:description\" content=\"Fotografia: Cotidiano (2013) Local: Rio Iriri, Par\u00e1, Brasil \u00c1lvaro de [&hellip;]\" \/>\n<meta property=\"og:url\" content=\"https:\/\/otca.org\/concursofotografico\/entrevista-a-alvaro-de-souza-autor-de-cotidiano\/\" \/>\n<meta property=\"og:site_name\" content=\"Concurso Fotografico\" \/>\n<meta property=\"article:published_time\" content=\"2025-02-06T20:17:27+00:00\" \/>\n<meta property=\"article:modified_time\" content=\"2025-02-14T12:26:52+00:00\" \/>\n<meta property=\"og:image\" content=\"https:\/\/otca.org\/concursofotografico\/wp-content\/uploads\/2025\/01\/id046-Alvaro-de-Souza.jpg\" \/>\n\t<meta property=\"og:image:width\" content=\"1250\" \/>\n\t<meta property=\"og:image:height\" content=\"833\" \/>\n\t<meta property=\"og:image:type\" content=\"image\/jpeg\" \/>\n<meta name=\"author\" content=\"patosarda\" \/>\n<meta name=\"twitter:card\" content=\"summary_large_image\" \/>\n<meta name=\"twitter:label1\" content=\"Escrito por\" \/>\n\t<meta name=\"twitter:data1\" content=\"patosarda\" \/>\n\t<meta name=\"twitter:label2\" content=\"Est. tempo de leitura\" \/>\n\t<meta name=\"twitter:data2\" content=\"2 minutos\" \/>\n<script type=\"application\/ld+json\" class=\"yoast-schema-graph\">{\"@context\":\"https:\/\/schema.org\",\"@graph\":[{\"@type\":\"Article\",\"@id\":\"https:\/\/otca.org\/concursofotografico\/entrevista-a-alvaro-de-souza-autor-de-cotidiano\/#article\",\"isPartOf\":{\"@id\":\"https:\/\/otca.org\/concursofotografico\/entrevista-a-alvaro-de-souza-autor-de-cotidiano\/\"},\"author\":{\"name\":\"patosarda\",\"@id\":\"https:\/\/otca.org\/concursofotografico\/#\/schema\/person\/4e9446479c393453a83844c0f8c57ef9\"},\"headline\":\"Entrevista com \u00c1lvaro de Souza, autor de &#8220;Cotidiano&#8221;\",\"datePublished\":\"2025-02-06T20:17:27+00:00\",\"dateModified\":\"2025-02-14T12:26:52+00:00\",\"mainEntityOfPage\":{\"@id\":\"https:\/\/otca.org\/concursofotografico\/entrevista-a-alvaro-de-souza-autor-de-cotidiano\/\"},\"wordCount\":468,\"commentCount\":0,\"publisher\":{\"@id\":\"https:\/\/otca.org\/concursofotografico\/#organization\"},\"image\":{\"@id\":\"https:\/\/otca.org\/concursofotografico\/entrevista-a-alvaro-de-souza-autor-de-cotidiano\/#primaryimage\"},\"thumbnailUrl\":\"https:\/\/otca.org\/concursofotografico\/wp-content\/uploads\/2025\/01\/id046-Alvaro-de-Souza.jpg\",\"articleSection\":[\"Entrevistas\"],\"inLanguage\":\"pt-BR\",\"potentialAction\":[{\"@type\":\"CommentAction\",\"name\":\"Comment\",\"target\":[\"https:\/\/otca.org\/concursofotografico\/entrevista-a-alvaro-de-souza-autor-de-cotidiano\/#respond\"]}]},{\"@type\":\"WebPage\",\"@id\":\"https:\/\/otca.org\/concursofotografico\/entrevista-a-alvaro-de-souza-autor-de-cotidiano\/\",\"url\":\"https:\/\/otca.org\/concursofotografico\/entrevista-a-alvaro-de-souza-autor-de-cotidiano\/\",\"name\":\"Entrevista com \u00c1lvaro de Souza, autor de \\\"Cotidiano\\\" - Concurso Fotografico\",\"isPartOf\":{\"@id\":\"https:\/\/otca.org\/concursofotografico\/#website\"},\"primaryImageOfPage\":{\"@id\":\"https:\/\/otca.org\/concursofotografico\/entrevista-a-alvaro-de-souza-autor-de-cotidiano\/#primaryimage\"},\"image\":{\"@id\":\"https:\/\/otca.org\/concursofotografico\/entrevista-a-alvaro-de-souza-autor-de-cotidiano\/#primaryimage\"},\"thumbnailUrl\":\"https:\/\/otca.org\/concursofotografico\/wp-content\/uploads\/2025\/01\/id046-Alvaro-de-Souza.jpg\",\"datePublished\":\"2025-02-06T20:17:27+00:00\",\"dateModified\":\"2025-02-14T12:26:52+00:00\",\"breadcrumb\":{\"@id\":\"https:\/\/otca.org\/concursofotografico\/entrevista-a-alvaro-de-souza-autor-de-cotidiano\/#breadcrumb\"},\"inLanguage\":\"pt-BR\",\"potentialAction\":[{\"@type\":\"ReadAction\",\"target\":[\"https:\/\/otca.org\/concursofotografico\/entrevista-a-alvaro-de-souza-autor-de-cotidiano\/\"]}]},{\"@type\":\"ImageObject\",\"inLanguage\":\"pt-BR\",\"@id\":\"https:\/\/otca.org\/concursofotografico\/entrevista-a-alvaro-de-souza-autor-de-cotidiano\/#primaryimage\",\"url\":\"https:\/\/otca.org\/concursofotografico\/wp-content\/uploads\/2025\/01\/id046-Alvaro-de-Souza.jpg\",\"contentUrl\":\"https:\/\/otca.org\/concursofotografico\/wp-content\/uploads\/2025\/01\/id046-Alvaro-de-Souza.jpg\",\"width\":1250,\"height\":833,\"caption\":\"id046 Alvaro de Souza\"},{\"@type\":\"BreadcrumbList\",\"@id\":\"https:\/\/otca.org\/concursofotografico\/entrevista-a-alvaro-de-souza-autor-de-cotidiano\/#breadcrumb\",\"itemListElement\":[{\"@type\":\"ListItem\",\"position\":1,\"name\":\"In\u00edcio\",\"item\":\"https:\/\/otca.org\/concursofotografico\/\"},{\"@type\":\"ListItem\",\"position\":2,\"name\":\"Entrevista com \u00c1lvaro de Souza, autor de &#8220;Cotidiano&#8221;\"}]},{\"@type\":\"WebSite\",\"@id\":\"https:\/\/otca.org\/concursofotografico\/#website\",\"url\":\"https:\/\/otca.org\/concursofotografico\/\",\"name\":\"Concurso Fotografico \\\"Por um mundo mais que humano\\\"\",\"description\":\"\",\"publisher\":{\"@id\":\"https:\/\/otca.org\/concursofotografico\/#organization\"},\"potentialAction\":[{\"@type\":\"SearchAction\",\"target\":{\"@type\":\"EntryPoint\",\"urlTemplate\":\"https:\/\/otca.org\/concursofotografico\/?s={search_term_string}\"},\"query-input\":{\"@type\":\"PropertyValueSpecification\",\"valueRequired\":true,\"valueName\":\"search_term_string\"}}],\"inLanguage\":\"pt-BR\"},{\"@type\":\"Organization\",\"@id\":\"https:\/\/otca.org\/concursofotografico\/#organization\",\"name\":\"OTCA\",\"url\":\"https:\/\/otca.org\/concursofotografico\/\",\"logo\":{\"@type\":\"ImageObject\",\"inLanguage\":\"pt-BR\",\"@id\":\"https:\/\/otca.org\/concursofotografico\/#\/schema\/logo\/image\/\",\"url\":\"https:\/\/otca.org\/concursofotografico\/wp-content\/uploads\/2024\/08\/logo-OTCA_PT.svg\",\"contentUrl\":\"https:\/\/otca.org\/concursofotografico\/wp-content\/uploads\/2024\/08\/logo-OTCA_PT.svg\",\"width\":120,\"height\":50,\"caption\":\"OTCA\"},\"image\":{\"@id\":\"https:\/\/otca.org\/concursofotografico\/#\/schema\/logo\/image\/\"}},{\"@type\":\"Person\",\"@id\":\"https:\/\/otca.org\/concursofotografico\/#\/schema\/person\/4e9446479c393453a83844c0f8c57ef9\",\"name\":\"patosarda\",\"image\":{\"@type\":\"ImageObject\",\"inLanguage\":\"pt-BR\",\"@id\":\"https:\/\/otca.org\/concursofotografico\/#\/schema\/person\/image\/\",\"url\":\"https:\/\/secure.gravatar.com\/avatar\/2c949b651c66fd35d5bbeb2e3107fb32?s=96&d=mm&r=g\",\"contentUrl\":\"https:\/\/secure.gravatar.com\/avatar\/2c949b651c66fd35d5bbeb2e3107fb32?s=96&d=mm&r=g\",\"caption\":\"patosarda\"},\"sameAs\":[\"https:\/\/otca.org\/concursofotografico\"],\"url\":\"https:\/\/otca.org\/concursofotografico\/author\/patosarda\/\"}]}<\/script>\n<!-- \/ Yoast SEO plugin. -->","yoast_head_json":{"title":"Entrevista com \u00c1lvaro de Souza, autor de \"Cotidiano\" - Concurso Fotografico","robots":{"index":"index","follow":"follow","max-snippet":"max-snippet:-1","max-image-preview":"max-image-preview:large","max-video-preview":"max-video-preview:-1"},"canonical":"https:\/\/otca.org\/concursofotografico\/entrevista-a-alvaro-de-souza-autor-de-cotidiano\/","og_locale":"pt_BR","og_type":"article","og_title":"Entrevista com \u00c1lvaro de Souza, autor de \"Cotidiano\" - Concurso Fotografico","og_description":"Fotografia: Cotidiano (2013) Local: Rio Iriri, Par\u00e1, Brasil \u00c1lvaro de [&hellip;]","og_url":"https:\/\/otca.org\/concursofotografico\/entrevista-a-alvaro-de-souza-autor-de-cotidiano\/","og_site_name":"Concurso Fotografico","article_published_time":"2025-02-06T20:17:27+00:00","article_modified_time":"2025-02-14T12:26:52+00:00","og_image":[{"width":1250,"height":833,"url":"https:\/\/otca.org\/concursofotografico\/wp-content\/uploads\/2025\/01\/id046-Alvaro-de-Souza.jpg","type":"image\/jpeg"}],"author":"patosarda","twitter_card":"summary_large_image","twitter_misc":{"Escrito por":"patosarda","Est. tempo de leitura":"2 minutos"},"schema":{"@context":"https:\/\/schema.org","@graph":[{"@type":"Article","@id":"https:\/\/otca.org\/concursofotografico\/entrevista-a-alvaro-de-souza-autor-de-cotidiano\/#article","isPartOf":{"@id":"https:\/\/otca.org\/concursofotografico\/entrevista-a-alvaro-de-souza-autor-de-cotidiano\/"},"author":{"name":"patosarda","@id":"https:\/\/otca.org\/concursofotografico\/#\/schema\/person\/4e9446479c393453a83844c0f8c57ef9"},"headline":"Entrevista com \u00c1lvaro de Souza, autor de &#8220;Cotidiano&#8221;","datePublished":"2025-02-06T20:17:27+00:00","dateModified":"2025-02-14T12:26:52+00:00","mainEntityOfPage":{"@id":"https:\/\/otca.org\/concursofotografico\/entrevista-a-alvaro-de-souza-autor-de-cotidiano\/"},"wordCount":468,"commentCount":0,"publisher":{"@id":"https:\/\/otca.org\/concursofotografico\/#organization"},"image":{"@id":"https:\/\/otca.org\/concursofotografico\/entrevista-a-alvaro-de-souza-autor-de-cotidiano\/#primaryimage"},"thumbnailUrl":"https:\/\/otca.org\/concursofotografico\/wp-content\/uploads\/2025\/01\/id046-Alvaro-de-Souza.jpg","articleSection":["Entrevistas"],"inLanguage":"pt-BR","potentialAction":[{"@type":"CommentAction","name":"Comment","target":["https:\/\/otca.org\/concursofotografico\/entrevista-a-alvaro-de-souza-autor-de-cotidiano\/#respond"]}]},{"@type":"WebPage","@id":"https:\/\/otca.org\/concursofotografico\/entrevista-a-alvaro-de-souza-autor-de-cotidiano\/","url":"https:\/\/otca.org\/concursofotografico\/entrevista-a-alvaro-de-souza-autor-de-cotidiano\/","name":"Entrevista com \u00c1lvaro de Souza, autor de \"Cotidiano\" - Concurso Fotografico","isPartOf":{"@id":"https:\/\/otca.org\/concursofotografico\/#website"},"primaryImageOfPage":{"@id":"https:\/\/otca.org\/concursofotografico\/entrevista-a-alvaro-de-souza-autor-de-cotidiano\/#primaryimage"},"image":{"@id":"https:\/\/otca.org\/concursofotografico\/entrevista-a-alvaro-de-souza-autor-de-cotidiano\/#primaryimage"},"thumbnailUrl":"https:\/\/otca.org\/concursofotografico\/wp-content\/uploads\/2025\/01\/id046-Alvaro-de-Souza.jpg","datePublished":"2025-02-06T20:17:27+00:00","dateModified":"2025-02-14T12:26:52+00:00","breadcrumb":{"@id":"https:\/\/otca.org\/concursofotografico\/entrevista-a-alvaro-de-souza-autor-de-cotidiano\/#breadcrumb"},"inLanguage":"pt-BR","potentialAction":[{"@type":"ReadAction","target":["https:\/\/otca.org\/concursofotografico\/entrevista-a-alvaro-de-souza-autor-de-cotidiano\/"]}]},{"@type":"ImageObject","inLanguage":"pt-BR","@id":"https:\/\/otca.org\/concursofotografico\/entrevista-a-alvaro-de-souza-autor-de-cotidiano\/#primaryimage","url":"https:\/\/otca.org\/concursofotografico\/wp-content\/uploads\/2025\/01\/id046-Alvaro-de-Souza.jpg","contentUrl":"https:\/\/otca.org\/concursofotografico\/wp-content\/uploads\/2025\/01\/id046-Alvaro-de-Souza.jpg","width":1250,"height":833,"caption":"id046 Alvaro de Souza"},{"@type":"BreadcrumbList","@id":"https:\/\/otca.org\/concursofotografico\/entrevista-a-alvaro-de-souza-autor-de-cotidiano\/#breadcrumb","itemListElement":[{"@type":"ListItem","position":1,"name":"In\u00edcio","item":"https:\/\/otca.org\/concursofotografico\/"},{"@type":"ListItem","position":2,"name":"Entrevista com \u00c1lvaro de Souza, autor de &#8220;Cotidiano&#8221;"}]},{"@type":"WebSite","@id":"https:\/\/otca.org\/concursofotografico\/#website","url":"https:\/\/otca.org\/concursofotografico\/","name":"Concurso Fotografico \"Por um mundo mais que humano\"","description":"","publisher":{"@id":"https:\/\/otca.org\/concursofotografico\/#organization"},"potentialAction":[{"@type":"SearchAction","target":{"@type":"EntryPoint","urlTemplate":"https:\/\/otca.org\/concursofotografico\/?s={search_term_string}"},"query-input":{"@type":"PropertyValueSpecification","valueRequired":true,"valueName":"search_term_string"}}],"inLanguage":"pt-BR"},{"@type":"Organization","@id":"https:\/\/otca.org\/concursofotografico\/#organization","name":"OTCA","url":"https:\/\/otca.org\/concursofotografico\/","logo":{"@type":"ImageObject","inLanguage":"pt-BR","@id":"https:\/\/otca.org\/concursofotografico\/#\/schema\/logo\/image\/","url":"https:\/\/otca.org\/concursofotografico\/wp-content\/uploads\/2024\/08\/logo-OTCA_PT.svg","contentUrl":"https:\/\/otca.org\/concursofotografico\/wp-content\/uploads\/2024\/08\/logo-OTCA_PT.svg","width":120,"height":50,"caption":"OTCA"},"image":{"@id":"https:\/\/otca.org\/concursofotografico\/#\/schema\/logo\/image\/"}},{"@type":"Person","@id":"https:\/\/otca.org\/concursofotografico\/#\/schema\/person\/4e9446479c393453a83844c0f8c57ef9","name":"patosarda","image":{"@type":"ImageObject","inLanguage":"pt-BR","@id":"https:\/\/otca.org\/concursofotografico\/#\/schema\/person\/image\/","url":"https:\/\/secure.gravatar.com\/avatar\/2c949b651c66fd35d5bbeb2e3107fb32?s=96&d=mm&r=g","contentUrl":"https:\/\/secure.gravatar.com\/avatar\/2c949b651c66fd35d5bbeb2e3107fb32?s=96&d=mm&r=g","caption":"patosarda"},"sameAs":["https:\/\/otca.org\/concursofotografico"],"url":"https:\/\/otca.org\/concursofotografico\/author\/patosarda\/"}]}},"_links":{"self":[{"href":"https:\/\/otca.org\/concursofotografico\/wp-json\/wp\/v2\/posts\/1128"}],"collection":[{"href":"https:\/\/otca.org\/concursofotografico\/wp-json\/wp\/v2\/posts"}],"about":[{"href":"https:\/\/otca.org\/concursofotografico\/wp-json\/wp\/v2\/types\/post"}],"author":[{"embeddable":true,"href":"https:\/\/otca.org\/concursofotografico\/wp-json\/wp\/v2\/users\/1"}],"replies":[{"embeddable":true,"href":"https:\/\/otca.org\/concursofotografico\/wp-json\/wp\/v2\/comments?post=1128"}],"version-history":[{"count":6,"href":"https:\/\/otca.org\/concursofotografico\/wp-json\/wp\/v2\/posts\/1128\/revisions"}],"predecessor-version":[{"id":1464,"href":"https:\/\/otca.org\/concursofotografico\/wp-json\/wp\/v2\/posts\/1128\/revisions\/1464"}],"wp:featuredmedia":[{"embeddable":true,"href":"https:\/\/otca.org\/concursofotografico\/wp-json\/wp\/v2\/media\/634"}],"wp:attachment":[{"href":"https:\/\/otca.org\/concursofotografico\/wp-json\/wp\/v2\/media?parent=1128"}],"wp:term":[{"taxonomy":"category","embeddable":true,"href":"https:\/\/otca.org\/concursofotografico\/wp-json\/wp\/v2\/categories?post=1128"},{"taxonomy":"post_tag","embeddable":true,"href":"https:\/\/otca.org\/concursofotografico\/wp-json\/wp\/v2\/tags?post=1128"}],"curies":[{"name":"wp","href":"https:\/\/api.w.org\/{rel}","templated":true}]}}