{"id":1138,"date":"2025-02-06T20:36:20","date_gmt":"2025-02-06T20:36:20","guid":{"rendered":"https:\/\/otca.org\/concursofotografico\/?p=1138"},"modified":"2025-02-14T12:39:21","modified_gmt":"2025-02-14T12:39:21","slug":"interview-with-thiago-yawanawa-author-of-mariri-yawanawa-festival","status":"publish","type":"post","link":"https:\/\/otca.org\/concursofotografico\/en\/interview-with-thiago-yawanawa-author-of-mariri-yawanawa-festival\/","title":{"rendered":"Interview with Thiago Yawanaw\u00e1, author of \u201cMariri Yawanaw\u00e1 Festival\u201d"},"content":{"rendered":"<p><strong>Photography: <em>Festival Mariri Yawanaw\u00e1<\/em> (2024)<\/strong><\/p>\n<p><strong>Location: Yawanaw\u00e1 Indigenous Territory, Greg\u00f3rio River<\/strong><\/p>\n<p>Thiago Yawanaw\u00e1, from the Yawanaw\u00e1 people in Acre, began his journey in photography as a child, inspired by his father, Tashk\u00e1, who left the village at a young age, worked with audiovisual media, and later brought that knowledge back to his community. From an early age, Thiago showed curiosity about his father\u2019s equipment, learning through hands-on experience rather than formal courses. Over time, he started documenting moments in his community and sharing these images both in Brazil and abroad. Although he pursues other occupations, photography has always been a constant presence in his life.<\/p>\n<h2>The Mariri Yawanaw\u00e1 Festival and the Warrior Tradition<\/h2>\n<blockquote><p>&#8220;The photograph <em>Festival Mariri Yawanaw\u00e1<\/em> was captured during a very special but also challenging moment. It was taken in 2024, during the Mariri Yawanaw\u00e1 festival, which takes place in the Mutum village. The festival lasts five days and brings together all the villages of the Yawanaw\u00e1 territory to celebrate life, food, dance, and to strengthen family bonds. Each day, traditional games are held. The photo captures a traditional war game in which warriors throw spears at each other. In the past, these spears were sharp, but today they are blunted to prevent injuries. The goal is to dodge and catch the spear in mid-air\u2014a test of reflexes for the village\u2019s warriors.<\/p>\n<p>The men stand face to face, each on one side, launching their spears simultaneously. While they duel, their wives stand behind them, trusting that their warrior will not let them get hurt. Capturing this image was a great challenge because everything happens so quickly. It is one of the most difficult games of the Yawanaw\u00e1 people.&#8221;<\/p><\/blockquote>\n<h2>Photography as a Tool for Resistance and Awareness<\/h2>\n<blockquote><p>&#8220;Today, Indigenous peoples in Brazil and around the world use images, photography, and audiovisual media as a tool for resistance\u2014like a spear\u2014to share our stories and communicate our realities to the world. Images help raise awareness about urgent issues such as climate change and biodiversity conservation. They combine art and visual storytelling to evoke emotions and generate empathy, helping to bridge linguistic and cultural gaps.<\/p>\n<p>Photography highlights the transformations occurring in Indigenous territories and showcases the ancestral wisdom of our peoples, reaffirming our role as essential guardians of biodiversity. Beyond that, it has a political impact, mobilizing public action and educating society on the importance of protecting forests and respecting traditional cultures. As a tool of visual activism, photography can provoke deep reflections on the climate crisis.&#8221;<\/p><\/blockquote>\n<h2>The Importance of Indigenous Participation in International Spaces<\/h2>\n<blockquote><p>&#8220;In 2024, I participated in the COP16 on biodiversity in Colombia. It was incredible to see Indigenous peoples occupying that space\u2014there were representatives from Colombia, Ecuador, Brazil, Venezuela, and other countries. Everyone was there to discuss how they protect biodiversity in their territories.<\/p>\n<p>COP29 and other climate conferences remain challenging because they often take place in distant and expensive locations. Still, Indigenous peoples continue to mark their presence in these spaces, fighting for their rights and following negotiations. Unfortunately, many governments fail to consult Indigenous communities before making decisions that directly impact them. That is why it is crucial to be present in these forums\u2014not just for Indigenous Brazilians, but for Indigenous peoples worldwide\u2014ensuring that we are aware of what is happening in these negotiations and making our voices heard.&#8221;<\/p><\/blockquote>\n","protected":false},"excerpt":{"rendered":"<p>Photography: Festival Mariri Yawanaw\u00e1 (2024) Location: Yawanaw\u00e1 Indigenous Territory, Greg\u00f3rio [&hellip;]<\/p>\n","protected":false},"author":1,"featured_media":621,"comment_status":"open","ping_status":"open","sticky":false,"template":"","format":"standard","meta":{"_acf_changed":false,"footnotes":""},"categories":[1180],"tags":[],"class_list":["post-1138","post","type-post","status-publish","format-standard","has-post-thumbnail","hentry","category-interviews"],"acf":[],"yoast_head":"<!-- This site is optimized with the Yoast SEO plugin v24.4 - https:\/\/yoast.com\/wordpress\/plugins\/seo\/ -->\n<title>Interview with Thiago Yawanaw\u00e1, author of \u201cMariri Yawanaw\u00e1 Festival\u201d - Concurso Fotografico<\/title>\n<meta name=\"robots\" content=\"index, follow, max-snippet:-1, max-image-preview:large, max-video-preview:-1\" \/>\n<link rel=\"canonical\" href=\"https:\/\/otca.org\/concursofotografico\/en\/interview-with-thiago-yawanawa-author-of-mariri-yawanawa-festival\/\" \/>\n<meta property=\"og:locale\" content=\"pt_BR\" \/>\n<meta property=\"og:type\" content=\"article\" \/>\n<meta property=\"og:title\" content=\"Interview with Thiago Yawanaw\u00e1, author of \u201cMariri Yawanaw\u00e1 Festival\u201d - Concurso Fotografico\" \/>\n<meta property=\"og:description\" content=\"Photography: Festival Mariri Yawanaw\u00e1 (2024) Location: Yawanaw\u00e1 Indigenous Territory, Greg\u00f3rio [&hellip;]\" \/>\n<meta property=\"og:url\" content=\"https:\/\/otca.org\/concursofotografico\/en\/interview-with-thiago-yawanawa-author-of-mariri-yawanawa-festival\/\" \/>\n<meta property=\"og:site_name\" content=\"Concurso Fotografico\" \/>\n<meta property=\"article:published_time\" content=\"2025-02-06T20:36:20+00:00\" \/>\n<meta property=\"article:modified_time\" content=\"2025-02-14T12:39:21+00:00\" \/>\n<meta property=\"og:image\" content=\"https:\/\/otca.org\/concursofotografico\/wp-content\/uploads\/2025\/01\/id035a-Thiago-Yawanawa.jpg\" \/>\n\t<meta property=\"og:image:width\" content=\"1250\" \/>\n\t<meta property=\"og:image:height\" content=\"668\" \/>\n\t<meta property=\"og:image:type\" content=\"image\/jpeg\" \/>\n<meta name=\"author\" content=\"patosarda\" \/>\n<meta name=\"twitter:card\" content=\"summary_large_image\" \/>\n<meta name=\"twitter:label1\" content=\"Escrito por\" \/>\n\t<meta name=\"twitter:data1\" content=\"patosarda\" \/>\n\t<meta name=\"twitter:label2\" content=\"Est. tempo de leitura\" \/>\n\t<meta name=\"twitter:data2\" content=\"1 minuto\" \/>\n<script type=\"application\/ld+json\" class=\"yoast-schema-graph\">{\"@context\":\"https:\/\/schema.org\",\"@graph\":[{\"@type\":\"Article\",\"@id\":\"https:\/\/otca.org\/concursofotografico\/en\/interview-with-thiago-yawanawa-author-of-mariri-yawanawa-festival\/#article\",\"isPartOf\":{\"@id\":\"https:\/\/otca.org\/concursofotografico\/en\/interview-with-thiago-yawanawa-author-of-mariri-yawanawa-festival\/\"},\"author\":{\"name\":\"patosarda\",\"@id\":\"https:\/\/otca.org\/concursofotografico\/#\/schema\/person\/4e9446479c393453a83844c0f8c57ef9\"},\"headline\":\"Interview with Thiago Yawanaw\u00e1, author of \u201cMariri Yawanaw\u00e1 Festival\u201d\",\"datePublished\":\"2025-02-06T20:36:20+00:00\",\"dateModified\":\"2025-02-14T12:39:21+00:00\",\"mainEntityOfPage\":{\"@id\":\"https:\/\/otca.org\/concursofotografico\/en\/interview-with-thiago-yawanawa-author-of-mariri-yawanawa-festival\/\"},\"wordCount\":568,\"commentCount\":0,\"publisher\":{\"@id\":\"https:\/\/otca.org\/concursofotografico\/#organization\"},\"image\":{\"@id\":\"https:\/\/otca.org\/concursofotografico\/en\/interview-with-thiago-yawanawa-author-of-mariri-yawanawa-festival\/#primaryimage\"},\"thumbnailUrl\":\"https:\/\/otca.org\/concursofotografico\/wp-content\/uploads\/2025\/01\/id035a-Thiago-Yawanawa.jpg\",\"articleSection\":[\"Interviews\"],\"inLanguage\":\"pt-BR\",\"potentialAction\":[{\"@type\":\"CommentAction\",\"name\":\"Comment\",\"target\":[\"https:\/\/otca.org\/concursofotografico\/en\/interview-with-thiago-yawanawa-author-of-mariri-yawanawa-festival\/#respond\"]}]},{\"@type\":\"WebPage\",\"@id\":\"https:\/\/otca.org\/concursofotografico\/en\/interview-with-thiago-yawanawa-author-of-mariri-yawanawa-festival\/\",\"url\":\"https:\/\/otca.org\/concursofotografico\/en\/interview-with-thiago-yawanawa-author-of-mariri-yawanawa-festival\/\",\"name\":\"Interview with Thiago Yawanaw\u00e1, author of \u201cMariri Yawanaw\u00e1 Festival\u201d - Concurso Fotografico\",\"isPartOf\":{\"@id\":\"https:\/\/otca.org\/concursofotografico\/#website\"},\"primaryImageOfPage\":{\"@id\":\"https:\/\/otca.org\/concursofotografico\/en\/interview-with-thiago-yawanawa-author-of-mariri-yawanawa-festival\/#primaryimage\"},\"image\":{\"@id\":\"https:\/\/otca.org\/concursofotografico\/en\/interview-with-thiago-yawanawa-author-of-mariri-yawanawa-festival\/#primaryimage\"},\"thumbnailUrl\":\"https:\/\/otca.org\/concursofotografico\/wp-content\/uploads\/2025\/01\/id035a-Thiago-Yawanawa.jpg\",\"datePublished\":\"2025-02-06T20:36:20+00:00\",\"dateModified\":\"2025-02-14T12:39:21+00:00\",\"breadcrumb\":{\"@id\":\"https:\/\/otca.org\/concursofotografico\/en\/interview-with-thiago-yawanawa-author-of-mariri-yawanawa-festival\/#breadcrumb\"},\"inLanguage\":\"pt-BR\",\"potentialAction\":[{\"@type\":\"ReadAction\",\"target\":[\"https:\/\/otca.org\/concursofotografico\/en\/interview-with-thiago-yawanawa-author-of-mariri-yawanawa-festival\/\"]}]},{\"@type\":\"ImageObject\",\"inLanguage\":\"pt-BR\",\"@id\":\"https:\/\/otca.org\/concursofotografico\/en\/interview-with-thiago-yawanawa-author-of-mariri-yawanawa-festival\/#primaryimage\",\"url\":\"https:\/\/otca.org\/concursofotografico\/wp-content\/uploads\/2025\/01\/id035a-Thiago-Yawanawa.jpg\",\"contentUrl\":\"https:\/\/otca.org\/concursofotografico\/wp-content\/uploads\/2025\/01\/id035a-Thiago-Yawanawa.jpg\",\"width\":1250,\"height\":668,\"caption\":\"id035a Thiago Yawanawa\"},{\"@type\":\"BreadcrumbList\",\"@id\":\"https:\/\/otca.org\/concursofotografico\/en\/interview-with-thiago-yawanawa-author-of-mariri-yawanawa-festival\/#breadcrumb\",\"itemListElement\":[{\"@type\":\"ListItem\",\"position\":1,\"name\":\"In\u00edcio\",\"item\":\"https:\/\/otca.org\/concursofotografico\/\"},{\"@type\":\"ListItem\",\"position\":2,\"name\":\"Interview with Thiago Yawanaw\u00e1, author of \u201cMariri Yawanaw\u00e1 Festival\u201d\"}]},{\"@type\":\"WebSite\",\"@id\":\"https:\/\/otca.org\/concursofotografico\/#website\",\"url\":\"https:\/\/otca.org\/concursofotografico\/\",\"name\":\"Concurso Fotografico \\\"Por um mundo mais que humano\\\"\",\"description\":\"\",\"publisher\":{\"@id\":\"https:\/\/otca.org\/concursofotografico\/#organization\"},\"potentialAction\":[{\"@type\":\"SearchAction\",\"target\":{\"@type\":\"EntryPoint\",\"urlTemplate\":\"https:\/\/otca.org\/concursofotografico\/?s={search_term_string}\"},\"query-input\":{\"@type\":\"PropertyValueSpecification\",\"valueRequired\":true,\"valueName\":\"search_term_string\"}}],\"inLanguage\":\"pt-BR\"},{\"@type\":\"Organization\",\"@id\":\"https:\/\/otca.org\/concursofotografico\/#organization\",\"name\":\"OTCA\",\"url\":\"https:\/\/otca.org\/concursofotografico\/\",\"logo\":{\"@type\":\"ImageObject\",\"inLanguage\":\"pt-BR\",\"@id\":\"https:\/\/otca.org\/concursofotografico\/#\/schema\/logo\/image\/\",\"url\":\"https:\/\/otca.org\/concursofotografico\/wp-content\/uploads\/2024\/08\/logo-OTCA_PT.svg\",\"contentUrl\":\"https:\/\/otca.org\/concursofotografico\/wp-content\/uploads\/2024\/08\/logo-OTCA_PT.svg\",\"width\":120,\"height\":50,\"caption\":\"OTCA\"},\"image\":{\"@id\":\"https:\/\/otca.org\/concursofotografico\/#\/schema\/logo\/image\/\"}},{\"@type\":\"Person\",\"@id\":\"https:\/\/otca.org\/concursofotografico\/#\/schema\/person\/4e9446479c393453a83844c0f8c57ef9\",\"name\":\"patosarda\",\"image\":{\"@type\":\"ImageObject\",\"inLanguage\":\"pt-BR\",\"@id\":\"https:\/\/otca.org\/concursofotografico\/#\/schema\/person\/image\/\",\"url\":\"https:\/\/secure.gravatar.com\/avatar\/2c949b651c66fd35d5bbeb2e3107fb32?s=96&d=mm&r=g\",\"contentUrl\":\"https:\/\/secure.gravatar.com\/avatar\/2c949b651c66fd35d5bbeb2e3107fb32?s=96&d=mm&r=g\",\"caption\":\"patosarda\"},\"sameAs\":[\"https:\/\/otca.org\/concursofotografico\"],\"url\":\"https:\/\/otca.org\/concursofotografico\/author\/patosarda\/\"}]}<\/script>\n<!-- \/ Yoast SEO plugin. -->","yoast_head_json":{"title":"Interview with Thiago Yawanaw\u00e1, author of \u201cMariri Yawanaw\u00e1 Festival\u201d - Concurso Fotografico","robots":{"index":"index","follow":"follow","max-snippet":"max-snippet:-1","max-image-preview":"max-image-preview:large","max-video-preview":"max-video-preview:-1"},"canonical":"https:\/\/otca.org\/concursofotografico\/en\/interview-with-thiago-yawanawa-author-of-mariri-yawanawa-festival\/","og_locale":"pt_BR","og_type":"article","og_title":"Interview with Thiago Yawanaw\u00e1, author of \u201cMariri Yawanaw\u00e1 Festival\u201d - Concurso Fotografico","og_description":"Photography: Festival Mariri Yawanaw\u00e1 (2024) Location: Yawanaw\u00e1 Indigenous Territory, Greg\u00f3rio [&hellip;]","og_url":"https:\/\/otca.org\/concursofotografico\/en\/interview-with-thiago-yawanawa-author-of-mariri-yawanawa-festival\/","og_site_name":"Concurso Fotografico","article_published_time":"2025-02-06T20:36:20+00:00","article_modified_time":"2025-02-14T12:39:21+00:00","og_image":[{"width":1250,"height":668,"url":"https:\/\/otca.org\/concursofotografico\/wp-content\/uploads\/2025\/01\/id035a-Thiago-Yawanawa.jpg","type":"image\/jpeg"}],"author":"patosarda","twitter_card":"summary_large_image","twitter_misc":{"Escrito por":"patosarda","Est. tempo de leitura":"1 minuto"},"schema":{"@context":"https:\/\/schema.org","@graph":[{"@type":"Article","@id":"https:\/\/otca.org\/concursofotografico\/en\/interview-with-thiago-yawanawa-author-of-mariri-yawanawa-festival\/#article","isPartOf":{"@id":"https:\/\/otca.org\/concursofotografico\/en\/interview-with-thiago-yawanawa-author-of-mariri-yawanawa-festival\/"},"author":{"name":"patosarda","@id":"https:\/\/otca.org\/concursofotografico\/#\/schema\/person\/4e9446479c393453a83844c0f8c57ef9"},"headline":"Interview with Thiago Yawanaw\u00e1, author of \u201cMariri Yawanaw\u00e1 Festival\u201d","datePublished":"2025-02-06T20:36:20+00:00","dateModified":"2025-02-14T12:39:21+00:00","mainEntityOfPage":{"@id":"https:\/\/otca.org\/concursofotografico\/en\/interview-with-thiago-yawanawa-author-of-mariri-yawanawa-festival\/"},"wordCount":568,"commentCount":0,"publisher":{"@id":"https:\/\/otca.org\/concursofotografico\/#organization"},"image":{"@id":"https:\/\/otca.org\/concursofotografico\/en\/interview-with-thiago-yawanawa-author-of-mariri-yawanawa-festival\/#primaryimage"},"thumbnailUrl":"https:\/\/otca.org\/concursofotografico\/wp-content\/uploads\/2025\/01\/id035a-Thiago-Yawanawa.jpg","articleSection":["Interviews"],"inLanguage":"pt-BR","potentialAction":[{"@type":"CommentAction","name":"Comment","target":["https:\/\/otca.org\/concursofotografico\/en\/interview-with-thiago-yawanawa-author-of-mariri-yawanawa-festival\/#respond"]}]},{"@type":"WebPage","@id":"https:\/\/otca.org\/concursofotografico\/en\/interview-with-thiago-yawanawa-author-of-mariri-yawanawa-festival\/","url":"https:\/\/otca.org\/concursofotografico\/en\/interview-with-thiago-yawanawa-author-of-mariri-yawanawa-festival\/","name":"Interview with Thiago Yawanaw\u00e1, author of \u201cMariri Yawanaw\u00e1 Festival\u201d - Concurso Fotografico","isPartOf":{"@id":"https:\/\/otca.org\/concursofotografico\/#website"},"primaryImageOfPage":{"@id":"https:\/\/otca.org\/concursofotografico\/en\/interview-with-thiago-yawanawa-author-of-mariri-yawanawa-festival\/#primaryimage"},"image":{"@id":"https:\/\/otca.org\/concursofotografico\/en\/interview-with-thiago-yawanawa-author-of-mariri-yawanawa-festival\/#primaryimage"},"thumbnailUrl":"https:\/\/otca.org\/concursofotografico\/wp-content\/uploads\/2025\/01\/id035a-Thiago-Yawanawa.jpg","datePublished":"2025-02-06T20:36:20+00:00","dateModified":"2025-02-14T12:39:21+00:00","breadcrumb":{"@id":"https:\/\/otca.org\/concursofotografico\/en\/interview-with-thiago-yawanawa-author-of-mariri-yawanawa-festival\/#breadcrumb"},"inLanguage":"pt-BR","potentialAction":[{"@type":"ReadAction","target":["https:\/\/otca.org\/concursofotografico\/en\/interview-with-thiago-yawanawa-author-of-mariri-yawanawa-festival\/"]}]},{"@type":"ImageObject","inLanguage":"pt-BR","@id":"https:\/\/otca.org\/concursofotografico\/en\/interview-with-thiago-yawanawa-author-of-mariri-yawanawa-festival\/#primaryimage","url":"https:\/\/otca.org\/concursofotografico\/wp-content\/uploads\/2025\/01\/id035a-Thiago-Yawanawa.jpg","contentUrl":"https:\/\/otca.org\/concursofotografico\/wp-content\/uploads\/2025\/01\/id035a-Thiago-Yawanawa.jpg","width":1250,"height":668,"caption":"id035a Thiago Yawanawa"},{"@type":"BreadcrumbList","@id":"https:\/\/otca.org\/concursofotografico\/en\/interview-with-thiago-yawanawa-author-of-mariri-yawanawa-festival\/#breadcrumb","itemListElement":[{"@type":"ListItem","position":1,"name":"In\u00edcio","item":"https:\/\/otca.org\/concursofotografico\/"},{"@type":"ListItem","position":2,"name":"Interview with Thiago Yawanaw\u00e1, author of \u201cMariri Yawanaw\u00e1 Festival\u201d"}]},{"@type":"WebSite","@id":"https:\/\/otca.org\/concursofotografico\/#website","url":"https:\/\/otca.org\/concursofotografico\/","name":"Concurso Fotografico \"Por um mundo mais que humano\"","description":"","publisher":{"@id":"https:\/\/otca.org\/concursofotografico\/#organization"},"potentialAction":[{"@type":"SearchAction","target":{"@type":"EntryPoint","urlTemplate":"https:\/\/otca.org\/concursofotografico\/?s={search_term_string}"},"query-input":{"@type":"PropertyValueSpecification","valueRequired":true,"valueName":"search_term_string"}}],"inLanguage":"pt-BR"},{"@type":"Organization","@id":"https:\/\/otca.org\/concursofotografico\/#organization","name":"OTCA","url":"https:\/\/otca.org\/concursofotografico\/","logo":{"@type":"ImageObject","inLanguage":"pt-BR","@id":"https:\/\/otca.org\/concursofotografico\/#\/schema\/logo\/image\/","url":"https:\/\/otca.org\/concursofotografico\/wp-content\/uploads\/2024\/08\/logo-OTCA_PT.svg","contentUrl":"https:\/\/otca.org\/concursofotografico\/wp-content\/uploads\/2024\/08\/logo-OTCA_PT.svg","width":120,"height":50,"caption":"OTCA"},"image":{"@id":"https:\/\/otca.org\/concursofotografico\/#\/schema\/logo\/image\/"}},{"@type":"Person","@id":"https:\/\/otca.org\/concursofotografico\/#\/schema\/person\/4e9446479c393453a83844c0f8c57ef9","name":"patosarda","image":{"@type":"ImageObject","inLanguage":"pt-BR","@id":"https:\/\/otca.org\/concursofotografico\/#\/schema\/person\/image\/","url":"https:\/\/secure.gravatar.com\/avatar\/2c949b651c66fd35d5bbeb2e3107fb32?s=96&d=mm&r=g","contentUrl":"https:\/\/secure.gravatar.com\/avatar\/2c949b651c66fd35d5bbeb2e3107fb32?s=96&d=mm&r=g","caption":"patosarda"},"sameAs":["https:\/\/otca.org\/concursofotografico"],"url":"https:\/\/otca.org\/concursofotografico\/author\/patosarda\/"}]}},"_links":{"self":[{"href":"https:\/\/otca.org\/concursofotografico\/wp-json\/wp\/v2\/posts\/1138"}],"collection":[{"href":"https:\/\/otca.org\/concursofotografico\/wp-json\/wp\/v2\/posts"}],"about":[{"href":"https:\/\/otca.org\/concursofotografico\/wp-json\/wp\/v2\/types\/post"}],"author":[{"embeddable":true,"href":"https:\/\/otca.org\/concursofotografico\/wp-json\/wp\/v2\/users\/1"}],"replies":[{"embeddable":true,"href":"https:\/\/otca.org\/concursofotografico\/wp-json\/wp\/v2\/comments?post=1138"}],"version-history":[{"count":6,"href":"https:\/\/otca.org\/concursofotografico\/wp-json\/wp\/v2\/posts\/1138\/revisions"}],"predecessor-version":[{"id":1500,"href":"https:\/\/otca.org\/concursofotografico\/wp-json\/wp\/v2\/posts\/1138\/revisions\/1500"}],"wp:featuredmedia":[{"embeddable":true,"href":"https:\/\/otca.org\/concursofotografico\/wp-json\/wp\/v2\/media\/621"}],"wp:attachment":[{"href":"https:\/\/otca.org\/concursofotografico\/wp-json\/wp\/v2\/media?parent=1138"}],"wp:term":[{"taxonomy":"category","embeddable":true,"href":"https:\/\/otca.org\/concursofotografico\/wp-json\/wp\/v2\/categories?post=1138"},{"taxonomy":"post_tag","embeddable":true,"href":"https:\/\/otca.org\/concursofotografico\/wp-json\/wp\/v2\/tags?post=1138"}],"curies":[{"name":"wp","href":"https:\/\/api.w.org\/{rel}","templated":true}]}}